{"id":196670,"date":"2025-12-21T01:43:17","date_gmt":"2025-12-21T01:43:17","guid":{"rendered":"https:\/\/www.europesays.com\/pt\/196670\/"},"modified":"2025-12-21T01:43:17","modified_gmt":"2025-12-21T01:43:17","slug":"patroa-suspeita-de-matar-brasileira-durante-discussao-na-amadora","status":"publish","type":"post","link":"https:\/\/www.europesays.com\/pt\/196670\/","title":{"rendered":"Patroa suspeita de matar brasileira durante discuss\u00e3o na Amadora"},"content":{"rendered":"<p data-remotead-prev-elm=\"true\" data-remotead-elm-id=\"inread\">Segundo o JN apurou, as rela\u00e7\u00f5es entre as duas mulheres j\u00e1 se vinham a degradar h\u00e1 algum tempo, com discuss\u00f5es constantes. At\u00e9 que, e ao que tudo indica, no dia 5 de dezembro (dia em que a v\u00edtima foi vista pela \u00faltima vez), a suspeita, de 43 anos, disse a Lucinete Freitas que precisava de falar com ela.<\/p>\n<p>Convenceu-a a ir at\u00e9 a uma zona de mato, onde come\u00e7aram de novo a discutir. Em circunst\u00e2ncias que a investiga\u00e7\u00e3o ainda h\u00e1-de esclarecer, a detida pegou numa pedra e agrediu a v\u00edtima na cabe\u00e7a, matando-a.<\/p>\n<p>Em seguida tapou o corpo com diversos objetos e voltou \u00e0 sua rotina di\u00e1ria, vivendo tranquilamente durante as duas semanas que mediaram at\u00e9 \u00e0 descoberta do cad\u00e1ver.<\/p>\n<p data-remotead-prev-elm=\"true\" data-remotead-elm-id=\"centro1\">As autoridades j\u00e1 descartaram a interven\u00e7\u00e3o de terceiros na morte de Lucinete Freitas.<\/p>\n<p>A v\u00edtima era natural de Aracoiaba, no Cear\u00e1, um estado localizado na regi\u00e3o Nordeste do Brasil, mas morava sozinha na Amadora. A \u00faltima comunica\u00e7\u00e3o com o marido, que vive em Fortaleza, havia sido na noite de dia 5 de dezembro.<\/p>\n<p>Segundo o que o pr\u00f3prio contou ao portal brasileiro &#8220;G1&#8221;, Lucinete iria visitar no dia 6 de dezembro um apartamento que a fam\u00edlia pretenderia arrendar, j\u00e1 que o marido e o filho planeariam mudar-se para Portugal em 2026, mas n\u00e3o compareceu.<\/p>\n","protected":false},"excerpt":{"rendered":"Segundo o JN apurou, as rela\u00e7\u00f5es entre as duas mulheres j\u00e1 se vinham a degradar h\u00e1 algum tempo,&hellip;\n","protected":false},"author":2,"featured_media":196671,"comment_status":"","ping_status":"","sticky":false,"template":"","format":"standard","meta":{"footnotes":""},"categories":[10],"tags":[4249,27,28,15,16,14,5564,603,25,26,39043,21,22,12,13,19,20,32,23,24,33,17,18,29,30,31],"class_list":{"0":"post-196670","1":"post","2":"type-post","3":"status-publish","4":"format-standard","5":"has-post-thumbnail","7":"category-portugal","8":"tag-amadora","9":"tag-breaking-news","10":"tag-breakingnews","11":"tag-featured-news","12":"tag-featurednews","13":"tag-headlines","14":"tag-homicidio","15":"tag-justica","16":"tag-latest-news","17":"tag-latestnews","18":"tag-lucinete-freitas","19":"tag-main-news","20":"tag-mainnews","21":"tag-news","22":"tag-noticias","23":"tag-noticias-principais","24":"tag-noticiasprincipais","25":"tag-portugal","26":"tag-principais-noticias","27":"tag-principaisnoticias","28":"tag-pt","29":"tag-top-stories","30":"tag-topstories","31":"tag-ultimas","32":"tag-ultimas-noticias","33":"tag-ultimasnoticias"},"share_on_mastodon":{"url":"https:\/\/pubeurope.com\/@pt\/115755024585981121","error":""},"_links":{"self":[{"href":"https:\/\/www.europesays.com\/pt\/wp-json\/wp\/v2\/posts\/196670","targetHints":{"allow":["GET"]}}],"collection":[{"href":"https:\/\/www.europesays.com\/pt\/wp-json\/wp\/v2\/posts"}],"about":[{"href":"https:\/\/www.europesays.com\/pt\/wp-json\/wp\/v2\/types\/post"}],"author":[{"embeddable":true,"href":"https:\/\/www.europesays.com\/pt\/wp-json\/wp\/v2\/users\/2"}],"replies":[{"embeddable":true,"href":"https:\/\/www.europesays.com\/pt\/wp-json\/wp\/v2\/comments?post=196670"}],"version-history":[{"count":0,"href":"https:\/\/www.europesays.com\/pt\/wp-json\/wp\/v2\/posts\/196670\/revisions"}],"wp:featuredmedia":[{"embeddable":true,"href":"https:\/\/www.europesays.com\/pt\/wp-json\/wp\/v2\/media\/196671"}],"wp:attachment":[{"href":"https:\/\/www.europesays.com\/pt\/wp-json\/wp\/v2\/media?parent=196670"}],"wp:term":[{"taxonomy":"category","embeddable":true,"href":"https:\/\/www.europesays.com\/pt\/wp-json\/wp\/v2\/categories?post=196670"},{"taxonomy":"post_tag","embeddable":true,"href":"https:\/\/www.europesays.com\/pt\/wp-json\/wp\/v2\/tags?post=196670"}],"curies":[{"name":"wp","href":"https:\/\/api.w.org\/{rel}","templated":true}]}}