{"id":196708,"date":"2025-12-21T03:09:17","date_gmt":"2025-12-21T03:09:17","guid":{"rendered":"https:\/\/www.europesays.com\/pt\/196708\/"},"modified":"2025-12-21T03:09:17","modified_gmt":"2025-12-21T03:09:17","slug":"joao-guilherme-brinca-com-fama-e-aponta-leonardo-como-o-mais-midiatico","status":"publish","type":"post","link":"https:\/\/www.europesays.com\/pt\/196708\/","title":{"rendered":"Jo\u00e3o Guilherme brinca com fama e aponta Leonardo como o mais midi\u00e1tico"},"content":{"rendered":"<p data-start=\"152\" data-end=\"511\">Uma publica\u00e7\u00e3o feita por <a href=\"https:\/\/natelinha.uol.com.br\/famosos\/tudo-sobre\/joao-guilherme\" rel=\"nofollow noopener\" target=\"_blank\">Jo\u00e3o Guilherme<\/a> neste s\u00e1bado (20) mobilizou seguidores nas redes sociais ao trazer uma brincadeira envolvendo a exposi\u00e7\u00e3o p\u00fablica de sua fam\u00edlia. O ator e influenciador participou da trend conhecida como \u201cmais m\u00eddia\u201d, em que usu\u00e1rios indicam quem, dentro do c\u00edrculo familiar, concentra maior visibilidade e presen\u00e7a constante na m\u00eddia.<\/p>\n<p data-start=\"513\" data-end=\"867\">No v\u00eddeo compartilhado, Jo\u00e3o se coloca inicialmente como candidato ao t\u00edtulo, ao escrever algo pr\u00f3ximo de \u201ceu tentando ser o mais m\u00eddia da fam\u00edlia\u201d.<\/p>\n<p data-start=\"513\" data-end=\"867\">+\u00a0<a href=\"https:\/\/natelinha.uol.com.br\/televisao\/2025\/11\/17\/natelinha-talk-ex-diretor-diz-que-namoro-de-larissa-manoela-e-joao-guilherme-ajudou-novela-234055.php\" target=\"_blank\" rel=\"noopener noreferrer nofollow\">NaTelinha Talk: Ex-diretor diz que namoro de Larissa Manoela e Jo\u00e3o Guilherme ajudou novela<\/a><\/p>\n<p data-start=\"513\" data-end=\"867\">Em seguida, a montagem aponta para o cantor Leonardo, seu pai, apresentado como o escolhido. A publica\u00e7\u00e3o faz refer\u00eancia aos mais de 40 anos de carreira do artista no cen\u00e1rio da m\u00fasica sertaneja. A montagem re\u00fane imagens antigas e recentes de Leonardo em diferentes situa\u00e7\u00f5es.<\/p>\n<p data-start=\"513\" data-end=\"867\">Entre os trechos exibidos est\u00e3o registros do cantor dan\u00e7ando em apresenta\u00e7\u00f5es, interagindo com f\u00e3s, consumindo bebida alco\u00f3lica durante o parto de um neto, caindo nos bastidores e participando de um churrasco simples na fazenda, vestindo apenas uma sunga. As cenas foram organizadas de forma sequencial para sustentar a brincadeira proposta pela trend.<\/p>\n<p>Leonardo respondeu Jo\u00e3o Guilherme<\/p>\n<p><img decoding=\"async\" loading=\"lazy\" class=\"horizontal\" src=\"https:\/\/www.europesays.com\/pt\/wp-content\/uploads\/2025\/12\/joao-guilherme_3481.jpeg\" alt=\"imagem-texto\"\/><\/p>\n<p>continua depois da publicidade<\/p>\n<p data-start=\"1304\" data-end=\"1516\">Leonardo respondeu diretamente \u00e0 publica\u00e7\u00e3o do filho. No campo de coment\u00e1rios, escreveu apenas \u201cApenas\u201d, em tom associado \u00e0 din\u00e2mica humor\u00edstica do v\u00eddeo e \u00e0 ideia de superioridade midi\u00e1tica sugerida na montagem.<\/p>\n<p data-start=\"1304\" data-end=\"1516\">+\u00a0<a href=\"https:\/\/natelinha.uol.com.br\/famosos\/2025\/11\/10\/a-pergunta-que-joao-guilherme-fez-a-ze-felipe-e-ana-castela-233743.php\" target=\"_blank\" rel=\"noopener noreferrer nofollow\">A pergunta que Jo\u00e3o Guilherme fez a Z\u00e9 Felipe e Ana Castela<\/a><\/p>\n<p data-start=\"1518\" data-end=\"1806\">A postagem teve ampla circula\u00e7\u00e3o nas redes sociais e gerou coment\u00e1rios de seguidores que acompanharam a intera\u00e7\u00e3o entre pai e filho. Entre as rea\u00e7\u00f5es, a apresentadora Maisa comentou sugerindo um pr\u00f3ximo v\u00eddeo envolvendo Maria Flor, filha de Z\u00e9 Felipe e Virginia Fonseca, neta de Leonardo.<\/p>\n","protected":false},"excerpt":{"rendered":"Uma publica\u00e7\u00e3o feita por Jo\u00e3o Guilherme neste s\u00e1bado (20) mobilizou seguidores nas redes sociais ao trazer uma brincadeira&hellip;\n","protected":false},"author":2,"featured_media":196709,"comment_status":"","ping_status":"","sticky":false,"template":"","format":"standard","meta":{"footnotes":""},"categories":[145],"tags":[211,210,114,115,4367,2159,32,33],"class_list":{"0":"post-196708","1":"post","2":"type-post","3":"status-publish","4":"format-standard","5":"has-post-thumbnail","7":"category-celebridades","8":"tag-celebridades","9":"tag-celebrities","10":"tag-entertainment","11":"tag-entretenimento","12":"tag-joao-guilherme","13":"tag-leonardo","14":"tag-portugal","15":"tag-pt"},"share_on_mastodon":{"url":"https:\/\/pubeurope.com\/@pt\/115755362965351266","error":""},"_links":{"self":[{"href":"https:\/\/www.europesays.com\/pt\/wp-json\/wp\/v2\/posts\/196708","targetHints":{"allow":["GET"]}}],"collection":[{"href":"https:\/\/www.europesays.com\/pt\/wp-json\/wp\/v2\/posts"}],"about":[{"href":"https:\/\/www.europesays.com\/pt\/wp-json\/wp\/v2\/types\/post"}],"author":[{"embeddable":true,"href":"https:\/\/www.europesays.com\/pt\/wp-json\/wp\/v2\/users\/2"}],"replies":[{"embeddable":true,"href":"https:\/\/www.europesays.com\/pt\/wp-json\/wp\/v2\/comments?post=196708"}],"version-history":[{"count":0,"href":"https:\/\/www.europesays.com\/pt\/wp-json\/wp\/v2\/posts\/196708\/revisions"}],"wp:featuredmedia":[{"embeddable":true,"href":"https:\/\/www.europesays.com\/pt\/wp-json\/wp\/v2\/media\/196709"}],"wp:attachment":[{"href":"https:\/\/www.europesays.com\/pt\/wp-json\/wp\/v2\/media?parent=196708"}],"wp:term":[{"taxonomy":"category","embeddable":true,"href":"https:\/\/www.europesays.com\/pt\/wp-json\/wp\/v2\/categories?post=196708"},{"taxonomy":"post_tag","embeddable":true,"href":"https:\/\/www.europesays.com\/pt\/wp-json\/wp\/v2\/tags?post=196708"}],"curies":[{"name":"wp","href":"https:\/\/api.w.org\/{rel}","templated":true}]}}