{"id":196721,"date":"2025-12-21T03:43:17","date_gmt":"2025-12-21T03:43:17","guid":{"rendered":"https:\/\/www.europesays.com\/pt\/196721\/"},"modified":"2025-12-21T03:43:17","modified_gmt":"2025-12-21T03:43:17","slug":"alvaro-cortes-interessa-ao-benfica-e-barcelona-teme-pelo-futuro-do-jogador","status":"publish","type":"post","link":"https:\/\/www.europesays.com\/pt\/196721\/","title":{"rendered":"\u00c1lvaro Cort\u00e9s interessa ao Benfica e Barcelona teme pelo futuro do jogador"},"content":{"rendered":"<p>&#8211; Advertisement &#8211;<\/p>\n<p><strong>\u00c1lvaro Cort\u00e9s est\u00e1 a ser apontado \u00e0 sa\u00edda do Barcelona. O Benfica pode ser o destino do jovem espanhol de 20 anos de idade.<\/strong><\/p>\n<p>\u00c1lvaro Cort\u00e9s interessa ao Benfica. A informa\u00e7\u00e3o est\u00e1 a ser avan\u00e7ada pela Radio Marca, que indica que o defesa central \u00e9 alvo do emblema da Luz, tal como do Ajax, do<a href=\"https:\/\/bolanarede.pt\/etiqueta\/getafe\/\" target=\"_blank\" rel=\"noreferrer noopener nofollow\"> Getafe<\/a> e de um conjunto italiano. O Barcelona j\u00e1 trabalha na renova\u00e7\u00e3o de contrato do defesa central.<\/p>\n<p>O jovem de 20 anos de idade representa os catal\u00e3es desde 2020, ano em que chegou do Real Zaragoza. O esquerdino j\u00e1 foi internacional jovem por Espanha em cinco ocasi\u00f5es, mas nunca conseguiu dar o salto para a equipa principal, mantendo-se no Barcelona B desde 2024\/25.<\/p>\n<p>Na presente temporada soma 11 encontros, com um golo marcado, na equipa que integra a Segunda RFEF, o quarto escal\u00e3o do futebol espanhol.<\/p>\n<blockquote class=\"twitter-tweet\" data-width=\"550\" data-dnt=\"true\">\n<p lang=\"es\" dir=\"ltr\">Cuenta <a href=\"https:\/\/twitter.com\/MatteMoretto?ref_src=twsrc%5Etfw\" rel=\"nofollow noopener\" target=\"_blank\">@MatteMoretto<\/a> en DSF de <a href=\"https:\/\/twitter.com\/RadioMARCA?ref_src=twsrc%5Etfw\" rel=\"nofollow noopener\" target=\"_blank\">@RadioMARCA<\/a> que el Barcelona ya trabaja en la renovaci\u00f3n del contrato de \u00c1lvaro Cort\u00e9s (Barcelona B). Getafe, Ajax, Benfica y un equipo italiano lo pretenden<\/p>\n<p>\u2014 \ud83c\udf99 \ud835\uddd7\ud835\uddee\ud835\ude03\ud835\uddf6\ud835\uddf1 \ud835\udde6\ud835\uddee\u0301\ud835\uddfb\ud835\uddf0\ud835\uddf5\ud835\uddf2\ud835\ude07 (@David74Sanchez) <a href=\"https:\/\/twitter.com\/David74Sanchez\/status\/2002107123925397808?ref_src=twsrc%5Etfw\" rel=\"nofollow noopener\" target=\"_blank\">December 19, 2025<\/a><\/p><\/blockquote>\n<p><script async src=\"https:\/\/platform.twitter.com\/widgets.js\" charset=\"utf-8\"><\/script><\/p>\n","protected":false},"excerpt":{"rendered":"&#8211; Advertisement &#8211; \u00c1lvaro Cort\u00e9s est\u00e1 a ser apontado \u00e0 sa\u00edda do Barcelona. O Benfica pode ser o&hellip;\n","protected":false},"author":2,"featured_media":196722,"comment_status":"","ping_status":"","sticky":false,"template":"","format":"standard","meta":{"footnotes":""},"categories":[87],"tags":[39109,260,51,135,478,32,33,134],"class_list":{"0":"post-196721","1":"post","2":"type-post","3":"status-publish","4":"format-standard","5":"has-post-thumbnail","7":"category-desporto","8":"tag-alvaro-cortes","9":"tag-atualidade","10":"tag-benfica","11":"tag-desporto","12":"tag-destaques-bnr","13":"tag-portugal","14":"tag-pt","15":"tag-sports"},"share_on_mastodon":{"url":"https:\/\/pubeurope.com\/@pt\/115755496436840769","error":""},"_links":{"self":[{"href":"https:\/\/www.europesays.com\/pt\/wp-json\/wp\/v2\/posts\/196721","targetHints":{"allow":["GET"]}}],"collection":[{"href":"https:\/\/www.europesays.com\/pt\/wp-json\/wp\/v2\/posts"}],"about":[{"href":"https:\/\/www.europesays.com\/pt\/wp-json\/wp\/v2\/types\/post"}],"author":[{"embeddable":true,"href":"https:\/\/www.europesays.com\/pt\/wp-json\/wp\/v2\/users\/2"}],"replies":[{"embeddable":true,"href":"https:\/\/www.europesays.com\/pt\/wp-json\/wp\/v2\/comments?post=196721"}],"version-history":[{"count":0,"href":"https:\/\/www.europesays.com\/pt\/wp-json\/wp\/v2\/posts\/196721\/revisions"}],"wp:featuredmedia":[{"embeddable":true,"href":"https:\/\/www.europesays.com\/pt\/wp-json\/wp\/v2\/media\/196722"}],"wp:attachment":[{"href":"https:\/\/www.europesays.com\/pt\/wp-json\/wp\/v2\/media?parent=196721"}],"wp:term":[{"taxonomy":"category","embeddable":true,"href":"https:\/\/www.europesays.com\/pt\/wp-json\/wp\/v2\/categories?post=196721"},{"taxonomy":"post_tag","embeddable":true,"href":"https:\/\/www.europesays.com\/pt\/wp-json\/wp\/v2\/tags?post=196721"}],"curies":[{"name":"wp","href":"https:\/\/api.w.org\/{rel}","templated":true}]}}