{"id":196723,"date":"2025-12-21T03:47:28","date_gmt":"2025-12-21T03:47:28","guid":{"rendered":"https:\/\/www.europesays.com\/pt\/196723\/"},"modified":"2025-12-21T03:47:28","modified_gmt":"2025-12-21T03:47:28","slug":"ja-ha-previsoes-veja-o-que-vai-acontecer-aos-precos-dos-combustiveis","status":"publish","type":"post","link":"https:\/\/www.europesays.com\/pt\/196723\/","title":{"rendered":"J\u00e1 h\u00e1 previs\u00f5es: Veja o que vai acontecer aos pre\u00e7os dos combust\u00edveis"},"content":{"rendered":"<p>Os pre\u00e7os dos combust\u00edveis v\u00e3o <strong>baixar <\/strong>no in\u00edcio da pr\u00f3xima semana, de acordo com as previs\u00f5es divulgadas esta sexta-feira pelo Autom\u00f3vel Club de Portugal (ACP).\u00a0<\/p>\n<p>Assim, o pre\u00e7o do gas\u00f3leo dever\u00e1 descer <strong>tr\u00eas <\/strong>c\u00eantimos, ao passo que a gasolina tamb\u00e9m ir\u00e1 baixar <strong>tr\u00eas <\/strong>c\u00eantimos.<\/p>\n<p>Isto numa altura em que o gas\u00f3leo simples est\u00e1 nos 1,549 euros por litro, enquanto a gasolina simples 95 est\u00e1 a custar 1,675 euros por litro, de acordo com os pre\u00e7os m\u00e9dios mais recentes atualizados pela Dire\u00e7\u00e3o-Geral de Energia e Geologia (DGEG) no site Pre\u00e7os dos Combust\u00edveis Online.\u00a0<\/p>\n<p>Estes pre\u00e7os m\u00e9dios di\u00e1rios, refira-se, &#8220;s\u00e3o apurados com base nos pre\u00e7os comunicados pelos postos de combust\u00edvel, ponderados com as quantidades vendidas do \u00faltimo per\u00edodo conhecido, incorporando os descontos praticados nos postos de abastecimento como cart\u00f5es frota e outros&#8221;.\u00a0<\/p>\n<p>                                                    Governo continuar\u00e1 a reduzir desconto no ISP<\/p>\n<p>O Governo <a href=\"https:\/\/www.noticiasaominuto.com\/economia\/2903276\/governo-continuara-a-reduzir-desconto-no-isp-quando-impossivel-dizer\" target=\"_blank\" rel=\"noopener nofollow\">disse que vai continuar a reduzir<\/a> o desconto no Imposto sobre os Produtos Petrol\u00edferos e Energ\u00e9ticos (ISP), como pedido por Bruxelas, em novas baixas no pre\u00e7o dos combust\u00edveis, como fez h\u00e1 umas semanas.<\/p>\n<p>&#8220;N\u00f3s temos que reverter o desconto e j\u00e1 o inici\u00e1mos h\u00e1 duas semanas. Faremos a mesma metodologia de h\u00e1 duas semanas: sempre que houver descidas de pre\u00e7o que permitam acomodar uma parte da revers\u00e3o do desconto, ele ser\u00e1 feito&#8221;, disse o ministro das Finan\u00e7as, Joaquim Miranda Sarmento, em declara\u00e7\u00f5es aos jornalistas portugueses em Bruxelas no final da reuni\u00e3o dos ministros das Finan\u00e7as da Uni\u00e3o Europeia.<\/p>\n<p>Questionado sobre quando isso acontecer\u00e1, o governante apontou ser &#8220;imposs\u00edvel dizer&#8221;. &#8220;Se conseguisse prever a seis meses ou um ano o pre\u00e7o do petr\u00f3leo, estaria trilion\u00e1rio ao n\u00edvel do senhor Elon Musk, mas infelizmente n\u00e3o tenho essa capacidade&#8221;, ironizou.<\/p>\n<p>Em causa est\u00e3o os pedidos regulares da Comiss\u00e3o Europeia para Portugal por fim ao desconto no Imposto sobre os Produtos Petrol\u00edferos e Energ\u00e9ticos (ISP) que foi criado em 2022 e 2023 na sequ\u00eancia da crise energ\u00e9tica relacionada com a guerra na Ucr\u00e2nia e com a elevada infla\u00e7\u00e3o.<\/p>\n<p>De acordo com o Governo, a Comiss\u00e3o Europeia n\u00e3o imp\u00f4s nenhuma data, pelo que tal redu\u00e7\u00e3o ser\u00e1 gradual.<\/p>\n<p>                                                    Governo j\u00e1 mexeu no ISP<\/p>\n<p>No final de novembro, o Governo reduziu o desconto em vigor no ISP aplic\u00e1vel \u00e0 gasolina sem chumbo e ao gas\u00f3leo rodovi\u00e1rio, anulando parte da descida do pre\u00e7o dos combust\u00edveis prevista para a semana seguinte.<\/p>\n<p>Ainda hoje, o ministro das Finan\u00e7as foi questionado sobre o Imposto \u00danico de Circula\u00e7\u00e3o (IUC), indicando ter apresentado &#8220;uma agenda de simplifica\u00e7\u00e3o fiscal no in\u00edcio deste ano&#8221;, pelo que agora haver\u00e1 &#8220;uma altera\u00e7\u00e3o apenas na forma de pagamento&#8221;.<\/p>\n<p>&#8220;O imposto vai manter exatamente o mesmo valor. Ali\u00e1s, o imposto n\u00e3o \u00e9 agravado nem sequer \u00e0 taxa de infla\u00e7\u00e3o h\u00e1 dois anos, quer no or\u00e7amento para 2024, quer no or\u00e7amento para 2025&#8221;, apontou.<\/p>\n<p>Assim, a mudan\u00e7a visa apenas &#8220;simplificar&#8221;, passando a estar definido que o IUC tem &#8220;um pagamento \u00fanico em abril, se o valor for at\u00e9 100 euros, dois pagamentos abril e outubro se for entre 100 euros e 500 euros e tr\u00eas pagamentos anuais se for superior a 500 euros&#8221;.<\/p>\n<p>Leia Tamb\u00e9m: <a href=\"https:\/\/www.noticiasaominuto.com\/economia\/2904608\/combustiveis-ficaram-mais-baratos-eis-o-que-aconteceu-ha-novos-precos\" target=\"_blank\" rel=\"noopener noreferrer nofollow\">Combust\u00edveis ficaram mais baratos? Eis o que aconteceu (h\u00e1 novos pre\u00e7os)<\/a><\/p>\n","protected":false},"excerpt":{"rendered":"Os pre\u00e7os dos combust\u00edveis v\u00e3o baixar no in\u00edcio da pr\u00f3xima semana, de acordo com as previs\u00f5es divulgadas esta&hellip;\n","protected":false},"author":2,"featured_media":196724,"comment_status":"","ping_status":"","sticky":false,"template":"","format":"standard","meta":{"footnotes":""},"categories":[83],"tags":[88,89,90,32,33],"class_list":{"0":"post-196723","1":"post","2":"type-post","3":"status-publish","4":"format-standard","5":"has-post-thumbnail","7":"category-empresas","8":"tag-business","9":"tag-economy","10":"tag-empresas","11":"tag-portugal","12":"tag-pt"},"share_on_mastodon":{"url":"https:\/\/pubeurope.com\/@pt\/115755512225797325","error":""},"_links":{"self":[{"href":"https:\/\/www.europesays.com\/pt\/wp-json\/wp\/v2\/posts\/196723","targetHints":{"allow":["GET"]}}],"collection":[{"href":"https:\/\/www.europesays.com\/pt\/wp-json\/wp\/v2\/posts"}],"about":[{"href":"https:\/\/www.europesays.com\/pt\/wp-json\/wp\/v2\/types\/post"}],"author":[{"embeddable":true,"href":"https:\/\/www.europesays.com\/pt\/wp-json\/wp\/v2\/users\/2"}],"replies":[{"embeddable":true,"href":"https:\/\/www.europesays.com\/pt\/wp-json\/wp\/v2\/comments?post=196723"}],"version-history":[{"count":0,"href":"https:\/\/www.europesays.com\/pt\/wp-json\/wp\/v2\/posts\/196723\/revisions"}],"wp:featuredmedia":[{"embeddable":true,"href":"https:\/\/www.europesays.com\/pt\/wp-json\/wp\/v2\/media\/196724"}],"wp:attachment":[{"href":"https:\/\/www.europesays.com\/pt\/wp-json\/wp\/v2\/media?parent=196723"}],"wp:term":[{"taxonomy":"category","embeddable":true,"href":"https:\/\/www.europesays.com\/pt\/wp-json\/wp\/v2\/categories?post=196723"},{"taxonomy":"post_tag","embeddable":true,"href":"https:\/\/www.europesays.com\/pt\/wp-json\/wp\/v2\/tags?post=196723"}],"curies":[{"name":"wp","href":"https:\/\/api.w.org\/{rel}","templated":true}]}}