{"id":196731,"date":"2025-12-21T03:57:26","date_gmt":"2025-12-21T03:57:26","guid":{"rendered":"https:\/\/www.europesays.com\/pt\/196731\/"},"modified":"2025-12-21T03:57:26","modified_gmt":"2025-12-21T03:57:26","slug":"benfica-e-estrela-da-amadora-em-negociacoes-por-sidny-cabral","status":"publish","type":"post","link":"https:\/\/www.europesays.com\/pt\/196731\/","title":{"rendered":"Benfica e Estrela da Amadora em negocia\u00e7\u00f5es por Sidny Cabral"},"content":{"rendered":"<p>O Benfica e o Estrela da Amadora t\u00eam negocia\u00e7\u00f5es em andamento para tratar da transfer\u00eancia em definitivo de Sidny Cabral, segundou apurou o <strong>Maisfutebol<\/strong>.<\/p>\n<p>Os encarnados j\u00e1 avan\u00e7aram com um princ\u00edpio de acordo verbal com o lateral cabo-verdiano, mas ainda precisam alinhar alguns pormenores com o emblema da Reboleira.<\/p>\n<p>Neste momento, as conversa\u00e7\u00f5es est\u00e3o entre 5 e 6 milh\u00f5es de euros. A acontecer, o acordo passaria a ser v\u00e1lido j\u00e1 para janeiro, ou seja, no mercado de inverno.<\/p>\n<p>Aos 23 anos, Sidny \u00e9 dos principais destaques do Estrela da Amadora na \u00e9poca (15 jogos, cinco golos e tr\u00eas assist\u00eancias).<\/p>\n<p>Sidny Cabral chegou ao futebol portugu\u00eas em agosto deste ano, tendo antes passado pela Alemanha (RW Erfurt e FC Viktoria K\u00f6ln) e os Pa\u00edses Baixos (FC Twente).<\/p>\n","protected":false},"excerpt":{"rendered":"O Benfica e o Estrela da Amadora t\u00eam negocia\u00e7\u00f5es em andamento para tratar da transfer\u00eancia em definitivo de&hellip;\n","protected":false},"author":2,"featured_media":196732,"comment_status":"","ping_status":"","sticky":false,"template":"","format":"standard","meta":{"footnotes":""},"categories":[87],"tags":[51,135,5742,36,1356,46,40,42,41,32,33,47,24849,134],"class_list":{"0":"post-196731","1":"post","2":"type-post","3":"status-publish","4":"format-standard","5":"has-post-thumbnail","7":"category-desporto","8":"tag-benfica","9":"tag-desporto","10":"tag-estrela-amadora","11":"tag-liga","12":"tag-mais-futebol","13":"tag-maisfutebol","14":"tag-maistransferencias","15":"tag-mercado","16":"tag-mercado-de-transferencias","17":"tag-portugal","18":"tag-pt","19":"tag-pura-paixao","20":"tag-sidny-cabral","21":"tag-sports"},"share_on_mastodon":{"url":"https:\/\/pubeurope.com\/@pt\/115755551455886007","error":""},"_links":{"self":[{"href":"https:\/\/www.europesays.com\/pt\/wp-json\/wp\/v2\/posts\/196731","targetHints":{"allow":["GET"]}}],"collection":[{"href":"https:\/\/www.europesays.com\/pt\/wp-json\/wp\/v2\/posts"}],"about":[{"href":"https:\/\/www.europesays.com\/pt\/wp-json\/wp\/v2\/types\/post"}],"author":[{"embeddable":true,"href":"https:\/\/www.europesays.com\/pt\/wp-json\/wp\/v2\/users\/2"}],"replies":[{"embeddable":true,"href":"https:\/\/www.europesays.com\/pt\/wp-json\/wp\/v2\/comments?post=196731"}],"version-history":[{"count":0,"href":"https:\/\/www.europesays.com\/pt\/wp-json\/wp\/v2\/posts\/196731\/revisions"}],"wp:featuredmedia":[{"embeddable":true,"href":"https:\/\/www.europesays.com\/pt\/wp-json\/wp\/v2\/media\/196732"}],"wp:attachment":[{"href":"https:\/\/www.europesays.com\/pt\/wp-json\/wp\/v2\/media?parent=196731"}],"wp:term":[{"taxonomy":"category","embeddable":true,"href":"https:\/\/www.europesays.com\/pt\/wp-json\/wp\/v2\/categories?post=196731"},{"taxonomy":"post_tag","embeddable":true,"href":"https:\/\/www.europesays.com\/pt\/wp-json\/wp\/v2\/tags?post=196731"}],"curies":[{"name":"wp","href":"https:\/\/api.w.org\/{rel}","templated":true}]}}