{"id":196787,"date":"2025-12-21T05:39:23","date_gmt":"2025-12-21T05:39:23","guid":{"rendered":"https:\/\/www.europesays.com\/pt\/196787\/"},"modified":"2025-12-21T05:39:23","modified_gmt":"2025-12-21T05:39:23","slug":"proximo-zelda-pode-ser-influenciado-por-ultimo-hyrule-warriors","status":"publish","type":"post","link":"https:\/\/www.europesays.com\/pt\/196787\/","title":{"rendered":"Pr\u00f3ximo Zelda pode ser influenciado por \u00faltimo Hyrule Warriors"},"content":{"rendered":"<p>O pr\u00f3ximo <strong>The Legend of Zelda<\/strong> deve ter a influ\u00eancia de <strong>Hyrule Warriors: Age of Imprisonment<\/strong>, nas palavras do lend\u00e1rio produtor <strong>Eiji Aonuma<\/strong>. Em entrevista ao 4Gamer, Aonuma comenta sobre o ritmo de trabalho com a <strong>Koei Tecmo<\/strong> no game, e o poss\u00edvel impacto que ele ter\u00e1 no futuro da franquia:<\/p>\n<p>&#8220;A inspira\u00e7\u00e3o que recebemos dessa colabora\u00e7\u00e3o com a Koei Tecmo pode ser refletida no pr\u00f3ximo Zelda que fizermos. Pense nisso enquanto est\u00e1 jogando Age of Imprisonment, e aguarde pelo pr\u00f3ximo Zelda&#8221;, disse.<\/p>\n<p>            Continua depois da Publicidade<\/p>\n<p>O produtor ainda brincou que gostaria de ter sido respons\u00e1vel pelo primeiro t\u00edtulo da s\u00e9rie a sair no <strong>Nintendo Switch 2<\/strong>. <strong>Hidemaro Fujibayashi<\/strong>, diretor de Breath of the Wild e Tears of the Kingdom, aproveitou para elogiar a colabora\u00e7\u00e3o com a Koei Tecmo:<\/p>\n<p>&#8220;Foi incrivelmente divertido. Eles sempre tinham ideias que nunca pensar\u00edamos por n\u00f3s mesmos, foi realmente estimulante&#8221;, contou.<\/p>\n<p>Hyrule Warriors: Age of Imprisonment est\u00e1 dispon\u00edvel para Nintendo Switch 2.<\/p>\n","protected":false},"excerpt":{"rendered":"O pr\u00f3ximo The Legend of Zelda deve ter a influ\u00eancia de Hyrule Warriors: Age of Imprisonment, nas palavras&hellip;\n","protected":false},"author":2,"featured_media":196788,"comment_status":"","ping_status":"","sticky":false,"template":"","format":"standard","meta":{"footnotes":""},"categories":[84],"tags":[109,107,108,32,33,105,103,104,106,110],"class_list":{"0":"post-196787","1":"post","2":"type-post","3":"status-publish","4":"format-standard","5":"has-post-thumbnail","7":"category-ciencia-e-tecnologia","8":"tag-ciencia","9":"tag-ciencia-e-tecnologia","10":"tag-cienciaetecnologia","11":"tag-portugal","12":"tag-pt","13":"tag-science","14":"tag-science-and-technology","15":"tag-scienceandtechnology","16":"tag-technology","17":"tag-tecnologia"},"share_on_mastodon":{"url":"https:\/\/pubeurope.com\/@pt\/115755952634803265","error":""},"_links":{"self":[{"href":"https:\/\/www.europesays.com\/pt\/wp-json\/wp\/v2\/posts\/196787","targetHints":{"allow":["GET"]}}],"collection":[{"href":"https:\/\/www.europesays.com\/pt\/wp-json\/wp\/v2\/posts"}],"about":[{"href":"https:\/\/www.europesays.com\/pt\/wp-json\/wp\/v2\/types\/post"}],"author":[{"embeddable":true,"href":"https:\/\/www.europesays.com\/pt\/wp-json\/wp\/v2\/users\/2"}],"replies":[{"embeddable":true,"href":"https:\/\/www.europesays.com\/pt\/wp-json\/wp\/v2\/comments?post=196787"}],"version-history":[{"count":0,"href":"https:\/\/www.europesays.com\/pt\/wp-json\/wp\/v2\/posts\/196787\/revisions"}],"wp:featuredmedia":[{"embeddable":true,"href":"https:\/\/www.europesays.com\/pt\/wp-json\/wp\/v2\/media\/196788"}],"wp:attachment":[{"href":"https:\/\/www.europesays.com\/pt\/wp-json\/wp\/v2\/media?parent=196787"}],"wp:term":[{"taxonomy":"category","embeddable":true,"href":"https:\/\/www.europesays.com\/pt\/wp-json\/wp\/v2\/categories?post=196787"},{"taxonomy":"post_tag","embeddable":true,"href":"https:\/\/www.europesays.com\/pt\/wp-json\/wp\/v2\/tags?post=196787"}],"curies":[{"name":"wp","href":"https:\/\/api.w.org\/{rel}","templated":true}]}}