{"id":19687,"date":"2025-08-07T12:23:13","date_gmt":"2025-08-07T12:23:13","guid":{"rendered":"https:\/\/www.europesays.com\/pt\/19687\/"},"modified":"2025-08-07T12:23:13","modified_gmt":"2025-08-07T12:23:13","slug":"cineastas-elegem-os-50-melhores-filmes-brasileiros-do-seculo-xxi-confira-a-lista-completa","status":"publish","type":"post","link":"https:\/\/www.europesays.com\/pt\/19687\/","title":{"rendered":"Cineastas elegem os 50 melhores filmes brasileiros do s\u00e9culo XXI; confira a lista completa"},"content":{"rendered":"\n<p class=\" content-text__container theme-color-primary-first-letter\" data-track-category=\"Link no Texto\" data-track-links=\"\"> Oscar, Globo de Ouro, Urso de Prata no Festival de Berlim, pr\u00eamios de melhor dire\u00e7\u00e3o e ator em Cannes e de melhor roteiro em Veneza&#8230; O clima foi de orgulho e celebra\u00e7\u00e3o no cinema brasileiro no \u00faltimo ano. E aproveitando as festas de seu centen\u00e1rio, o GLOBO decidiu unir as comemora\u00e7\u00f5es e convidar mais de 100 cineastas brasileiros para uma miss\u00e3o: <strong>escolher os melhores filmes nacionais do s\u00e9culo XXI<\/strong>. <\/p>\n<p class=\" content-text__container \" data-track-category=\"Link no Texto\" data-track-links=\"\"> O <a class=\"\" href=\"https:\/\/infograficos.oglobo.globo.com\/cultura\/top10-filmes-brasileiros.html\" target=\"_blank\" rel=\"nofollow noopener\">ambiente especial do GLOBO traz a lista completa dos 50 melhores filmes brasileiros<\/a> do per\u00edodo, com informa\u00e7\u00f5es sobre cada obra e depoimentos de votantes, al\u00e9m da possibilidade do leitor criar seu pr\u00f3prio ranking. Confira no link abaixo: <\/p>\n<ul class=\"content-unordered-list\">\n<li><strong>Os 50 melhores filmes brasileiros do s\u00e9culo XXI:<\/strong> <a class=\"\" href=\"https:\/\/infograficos.oglobo.globo.com\/cultura\/top10-filmes-brasileiros.html\" target=\"_blank\" rel=\"nofollow noopener\">confira os longas selecionados por diretores, monte a sua lista e compartilhe<\/a><\/li>\n<\/ul>\n<p class=\" content-text__container \" data-track-category=\"Link no Texto\" data-track-links=\"\"> De realizadores consagrados como <a class=\"\" href=\"https:\/\/oglobo.globo.com\/tudo-sobre\/personalidade\/fernando-meirelles\" rel=\"nofollow noopener\" target=\"_blank\">Fernando Meirelles<\/a>, Anna Muylaert, Bruno Barreto, Heitor Dhalia, Karim A\u00efnouz, Vicente Amorim, Jorge Furtado e Petra Costa, a atores com trabalhos na dire\u00e7\u00e3o como Antonio Pitanga, <a class=\"\" href=\"https:\/\/oglobo.globo.com\/tudo-sobre\/personalidade\/lazaro-ramos\" rel=\"nofollow noopener\" target=\"_blank\">L\u00e1zaro Ramos<\/a>, <a class=\"\" href=\"https:\/\/oglobo.globo.com\/tudo-sobre\/personalidade\/selton-mello\" rel=\"nofollow noopener\" target=\"_blank\">Selton Mello<\/a>, <a class=\"\" href=\"https:\/\/oglobo.globo.com\/tudo-sobre\/personalidade\/leandra-leal\/\" rel=\"nofollow noopener\" target=\"_blank\">Leandra Leal<\/a> e <a class=\"\" href=\"https:\/\/oglobo.globo.com\/tudo-sobre\/personalidade\/caio-blat\" rel=\"nofollow noopener\" target=\"_blank\">Caio Blat<\/a>. De veteranos como Daniela Thomas, Helena Solberg, Ivan Cardoso, Joel Zito Ara\u00fajo, <a class=\"\" href=\"https:\/\/oglobo.globo.com\/tudo-sobre\/personalidade\/walter-carvalho\" rel=\"nofollow noopener\" target=\"_blank\">Walter Carvalho<\/a> e Zelito Vianna a mais jovens como Gabriel Martins, Glenda Nic\u00e1cio, Maria Clara Escobar, Matheus Souza e Yasmin Thayn\u00e1. Os cineastas encaminharam suas listas dos dez longas-metragens nacionais favoritos lan\u00e7ados no s\u00e9culo, sem ordem de prefer\u00eancia. Vota\u00e7\u00f5es conclu\u00eddas, informa\u00e7\u00f5es computadas e cruzadas, chegou-se a uma sele\u00e7\u00e3o final. <\/p>\n<p class=\" content-text__container \" data-track-category=\"Link no Texto\" data-track-links=\"\"> A miss\u00e3o n\u00e3o foi nada f\u00e1cil. Entre janeiro de 2000 e junho de 2025, nada menos que 2.579 longas tiveram lan\u00e7amento comercial nas salas de cinema do Brasil, segundo dados do site Filme B. A vasta quantidade e qualidade das produ\u00e7\u00f5es dificultaram o trabalho dos votantes. \u201cSelecionei filmes que me impactaram. Provavelmente, se tiver que fazer isso de novo as op\u00e7\u00f5es ir\u00e3o variar\u201d, escreveu Fernando Meirelles ao enviar sua lista. Quem tamb\u00e9m sofreu foi Marcos Jorge, que afirmou: \u201cTarefa dif\u00edcil essa. Foi um sacrif\u00edcio limar filmes excelentes e imperd\u00edveis da lista.\u201d J\u00e1 Rosane Svartman preferiu se ausentar da vota\u00e7\u00e3o e brincou: \u201cVou panicar se tiver que fazer essa lista\u201d. <\/p>\n<p class=\" content-text__container \" data-track-category=\"Link no Texto\" data-track-links=\"\"> <a class=\"\" href=\"https:\/\/oglobo.globo.com\/tudo-sobre\/personalidade\/johnny-massaro\" rel=\"nofollow noopener\" target=\"_blank\">Johnny Massaro<\/a> foi reflexo da dificuldade da escolha. \u201cAff, isso \u00e9 muito dif\u00edcil\u201d, se divertiu o ator e diretor que editou sua lista quatro vezes antes de chegar na vers\u00e3o final. J\u00e1 a diretora Sabrina Fidalgo pediu um prazo maior para fazer o dever de casa e quis assistir a alguns filmes que ainda n\u00e3o tinha visto. A lista completa com os 117 realizadores que participaram da vota\u00e7\u00e3o est\u00e1 dispon\u00edvel no site do GLOBO. <\/p>\n<p class=\" content-text__container \" data-track-category=\"Link no Texto\" data-track-links=\"\"> Cl\u00e1ssico moderno indicado a quatro estatuetas do Oscar, \u201c<a class=\"\" href=\"https:\/\/oglobo.globo.com\/tudo-sobre\/filme\/cidade-de-deus\" rel=\"nofollow noopener\" target=\"_blank\">Cidade de Deus<\/a>\u201d (2002) foi o escolhido como o melhor filme nacional do s\u00e9culo XXI pelos diretores brasileiros. O drama de Fernando Meirelles, com codire\u00e7\u00e3o de K\u00e1tia Lund, foi citado em mais de 50% dos votos. Adapta\u00e7\u00e3o de romance hom\u00f4nimo de Paulo Lins, o filme impulsionou as carreiras do roteirista Br\u00e1ulio Mantovani, do montador (e hoje diretor) Daniel Rezende, do diretor de fotografia C\u00e9sar Charlone e de muitos atores, como Alexandre Rodrigues, Leandro Firmino, Douglas Silva, Roberta Rodrigues, Alice Braga, Seu Jorge, dentre outros. <\/p>\n<p>      <img decoding=\"async\" class=\"content-media__image\"  src=\"https:\/\/www.europesays.com\/pt\/wp-content\/uploads\/2025\/08\/39509070-2108.2002-divulgacao-cl-cidade-de-deus-e-mail.jpg\" alt=\"Cena do filme 'Cidade de Deus' \u2014 Foto: Reprodu\u00e7\u00e3o\" width=\"698\" height=\"390\" loading=\"lazy\"\/>  Cena do filme &#8216;Cidade de Deus&#8217; \u2014 Foto: Reprodu\u00e7\u00e3o       <\/p>\n<p class=\" content-text__container \" data-track-category=\"Link no Texto\" data-track-links=\"\"> \u2014 Com dire\u00e7\u00e3o e montagem impec\u00e1veis, atua\u00e7\u00f5es marcantes e uma brasilidade pulsante, \u201cCidade de Deus\u201d atravessou fronteiras e transformou a forma como o cinema brasileiro \u00e9 visto no mundo \u2014 destaca Carlos Saldanha, diretor conhecido pelo trabalho nas anima\u00e7\u00f5es \u201cRio\u201d (2011) e \u201cA era do gelo\u201d (2002), e que assistiu ao longa de Meirelles em Nova York. \u2014 Foi uma experi\u00eancia inesquec\u00edvel. A sala estava lotada de brasileiros e estrangeiros, e as rea\u00e7\u00f5es foram un\u00e2nimes. Todos sa\u00edmos emocionados, impactados e orgulhosos da for\u00e7a desse filme. <\/p>\n<p class=\" content-text__container \" data-track-category=\"Link no Texto\" data-track-links=\"\"> O oscarizado \u201c<a class=\"\" href=\"https:\/\/oglobo.globo.com\/tudo-sobre\/filme\/ainda-estou-aqui\/\" rel=\"nofollow noopener\" target=\"_blank\">Ainda estou aqui<\/a>\u201d, de <a class=\"\" href=\"https:\/\/oglobo.globo.com\/tudo-sobre\/personalidade\/walther-salles\" rel=\"nofollow noopener\" target=\"_blank\">Walter Salles<\/a>, ficou com a medalha de prata na vota\u00e7\u00e3o. O Original Globoplay estrelado por Fernanda Torres e inspirado em livro de Marcelo Rubens Paiva sobre o desaparecimento de seu pai durante a ditadura militar levou 5,8 milh\u00f5es de pessoas \u00e0s salas de cinema do pa\u00eds, sendo o filme mais visto p\u00f3s-pandemia. E tamb\u00e9m encantou os colegas de profiss\u00e3o de Salles. <\/p>\n<p class=\" content-text__container \" data-track-category=\"Link no Texto\" data-track-links=\"\"> \u2014 \u201cAinda estou aqui\u201d \u00e9 um filme que coloca a hist\u00f3ria e a emo\u00e7\u00e3o que provoca acima de tudo. N\u00e3o tem firulas, \u00e9 s\u00f3brio, elegante, e abre espa\u00e7o para os atores brilharem. Um filme maduro de quem sabe onde pisa \u2014 afirma Fernando Meirelles. \u2014 Al\u00e9m disso, \u00e9 o filme certo na hora certa. Lembra a quem tem menos de 50 anos e andou pedindo interven\u00e7\u00e3o militar o que significa ser privado de democracia. <\/p>\n<p>      <img decoding=\"async\" class=\"content-media__image\"  src=\"https:\/\/www.europesays.com\/pt\/wp-content\/uploads\/2025\/08\/aea-cortina.jpg\" alt=\"Fernanda Torres em cena de &quot;Ainda estou aqui&quot; \u2014 Foto: Reprodu\u00e7\u00e3o\" width=\"4240\" height=\"2832\" loading=\"lazy\"\/>  Fernanda Torres em cena de &#8220;Ainda estou aqui&#8221; \u2014 Foto: Reprodu\u00e7\u00e3o       <\/p>\n<p class=\" content-text__container \" data-track-category=\"Link no Texto\" data-track-links=\"\"> De com\u00e9dias populares como \u201cSaneamento B\u00e1sico, o filme\u201d (2007) e \u201c<a class=\"\" href=\"https:\/\/oglobo.globo.com\/tudo-sobre\/filme\/o-auto-da-compadecida\" rel=\"nofollow noopener\" target=\"_blank\">O auto da compadecida<\/a>\u201d (2000) a obras cultuadas como \u201c<a class=\"\" href=\"https:\/\/oglobo.globo.com\/tudo-sobre\/filme\/que-horas-ela-volta\" rel=\"nofollow noopener\" target=\"_blank\">Que horas ela volta?<\/a>\u201d (2015) e \u201cMarte um\u201d (2022), sem esquecer de document\u00e1rios como \u201cSerras da desordem\u201d (2006) e \u201cMart\u00edrio\u201d (2016), a sele\u00e7\u00e3o comprova a pot\u00eancia do nosso cinema. <\/p>\n<p class=\" content-text__container \" data-track-category=\"Link no Texto\" data-track-links=\"\"> Eduardo Coutinho, com \u201c<a class=\"\" href=\"https:\/\/oglobo.globo.com\/tudo-sobre\/filme\/edificio-master\" rel=\"nofollow noopener\" target=\"_blank\">Edif\u00edcio Master<\/a>\u201d (2002) e \u201c<a class=\"\" href=\"https:\/\/oglobo.globo.com\/tudo-sobre\/filme\/jogo-de-cena\" rel=\"nofollow noopener\" target=\"_blank\">Jogo de cena<\/a>\u201d (2007), \u00e9 o \u00fanico realizador com dois filmes no top 10, enquanto que Karim A\u00efnouz foi o com maior n\u00famero de participa\u00e7\u00f5es na sele\u00e7\u00e3o. O cineasta cearense tem nada menos que quatro obras entre as 50 melhores: \u201c<a class=\"\" href=\"https:\/\/oglobo.globo.com\/tudo-sobre\/filme\/madame-sata\" rel=\"nofollow noopener\" target=\"_blank\">Madame Sat\u00e3<\/a>\u201d (2002), \u201c<a class=\"\" href=\"https:\/\/oglobo.globo.com\/tudo-sobre\/filme\/o-ceu-de-suely\" rel=\"nofollow noopener\" target=\"_blank\">O c\u00e9u de Suely<\/a>\u201d (2006) , \u201cA vida invis\u00edvel\u201d (2019) e \u201cViajo porque preciso,volto porque te amo\u201d (2009), codirigido por Marcelo Gomes, que tamb\u00e9m est\u00e1 na lista com \u201c<a class=\"\" href=\"https:\/\/oglobo.globo.com\/tudo-sobre\/filme\/cinema-aspirinas-e-urubus\" rel=\"nofollow noopener\" target=\"_blank\">Cinema, aspirinas e urubus<\/a>\u201d (2005). Salles, com \u201cAinda estou aqui\u201d e \u201cAbril despeda\u00e7ado\u201d (2001), Kleber Mendon\u00e7a Filho, com \u201c<a class=\"\" href=\"https:\/\/oglobo.globo.com\/tudo-sobre\/filme\/o-som-ao-redor\" rel=\"nofollow noopener\" target=\"_blank\">O som ao redor<\/a>\u201d (2012), \u201cAquarius\u201d (2016) e \u201c<a class=\"\" href=\"https:\/\/oglobo.globo.com\/tudo-sobre\/filme\/bacurau\" rel=\"nofollow noopener\" target=\"_blank\">Bacurau<\/a>\u201d (2019), Adirley Queir\u00f3s, com \u201cBranco sai, preto fica\u201d (2014) e \u201cMato seco em chamas\u201d (2022), Jos\u00e9 Padilha, com \u201c<a class=\"\" href=\"https:\/\/oglobo.globo.com\/tudo-sobre\/filme\/onibus-174\" rel=\"nofollow noopener\" target=\"_blank\">\u00d4nibus 174<\/a>\u201d (2002) e \u201c<a class=\"\" href=\"https:\/\/oglobo.globo.com\/tudo-sobre\/filme\/tropa-de-elite\" rel=\"nofollow noopener\" target=\"_blank\">Tropa de elite<\/a>\u201d (2007), Andr\u00e9 Novais Oliveira, com \u201cEla volta na quinta\u201d (2015) e \u201cTemporada\u201d (2018) e a dupla Juliana Rojas e Marco Dutra, com \u201cTrabalhar cansa\u201d (2011) e \u201cAs boas maneiras\u201d (2017), tamb\u00e9m tiveram mais de uma men\u00e7\u00e3o na lista. <\/p>\n<p>       <img decoding=\"async\" class=\"content-media__image\"  src=\"https:\/\/www.europesays.com\/pt\/wp-content\/uploads\/2025\/08\/motel-destino-7.jpg\" alt=\"Karim A\u00efnouz em praia do Cear\u00e1 que serve de loca\u00e7\u00e3o para 'Motel destino' \u2014 Foto: Divulga\u00e7\u00e3o \/ Jarbas Oliveira\" width=\"2000\" height=\"1306\" loading=\"lazy\"\/>  Karim A\u00efnouz em praia do Cear\u00e1 que serve de loca\u00e7\u00e3o para &#8216;Motel destino&#8217; \u2014 Foto: Divulga\u00e7\u00e3o \/ Jarbas Oliveira       <\/p>\n<p class=\" content-text__container \" data-track-category=\"Link no Texto\" data-track-links=\"\"> A lista dos 50 melhores filmes brasileiros do s\u00e9culo XXI (confira os dez primeiros abaixo e a lista completa aqui) conta com produ\u00e7\u00f5es de quase todos os anos do per\u00edodo, incluindo 2025, representado por \u201cHomem com H\u201d, cinebiografia de Ney Matogrosso por Esmir Filho, que ficou na 50\u00aa posi\u00e7\u00e3o. O ano com maior n\u00famero de obras na lista \u00e9 2007, com um total de seis men\u00e7\u00f5es: \u201cJogo de cena\u201d, \u201cTropa de elite\u201d, \u201cSantiago\u201d, de Jo\u00e3o Moreira Salles, \u201cEst\u00f4mago\u201d, de Marcos Jorge, \u201cSaneamento b\u00e1sico, o filme\u201d, de Jorge Furtado, e \u201cMutum\u201d, de Sandra Kogut. <\/p>\n<p class=\" content-text__container \" data-track-category=\"Link no Texto\" data-track-links=\"\"> Ainda que a sele\u00e7\u00e3o apresente uma representatividade e diversidade maior do que a imaginada em outros per\u00edodos do cinema nacional, a vota\u00e7\u00e3o ainda reflete uma cinematografia que ainda \u00e9 majoritariamente realizada por homens brancos. Ao todo, entre dire\u00e7\u00f5es e codire\u00e7\u00f5es, s\u00e3o 13 obras realizadas por mulheres, incluindo duas no top 10: \u201cQue horas ela volta?\u201d (2015), de Anna Muylaert, e \u201c<a class=\"\" href=\"https:\/\/oglobo.globo.com\/tudo-sobre\/filme\/bicho-de-sete-cabecas\" rel=\"nofollow noopener\" target=\"_blank\">Bicho de sete cabe\u00e7as<\/a>\u201d (2000), de La\u00eds Bodanzky. A presen\u00e7a feminina foi de 26% na lista final e de aproximadamente 40% no corpo de votantes. J\u00e1 os filmes com realizadores negros formam apenas 8% da lista, com s\u00f3 um entre os dez primeiros, \u201cMarte um\u201d (2022), de Gabriel Martins. Diretores negros comp\u00f5em cerca de 12% dos eleitores. <\/p>\n<p>       <img decoding=\"async\" class=\"content-media__image\"  src=\"https:\/\/www.europesays.com\/pt\/wp-content\/uploads\/2025\/08\/03-marsone.jpg\" alt=\"'Marte um', de Gabriel Martins \u2014 Foto: Divulga\u00e7\u00e3o\" width=\"3996\" height=\"2160\" loading=\"lazy\"\/>  &#8216;Marte um&#8217;, de Gabriel Martins \u2014 Foto: Divulga\u00e7\u00e3o       <\/p>\n<p class=\" content-text__container \" data-track-category=\"Link no Texto\" data-track-links=\"\"> A sele\u00e7\u00e3o reflete tamb\u00e9m a maior descentraliza\u00e7\u00e3o do cinema nacional nas \u00faltimas d\u00e9cadas. Ainda que S\u00e3o Paulo seja o local com o maior n\u00famero de realizadores presentes no top 50, com 11 cineastas nascidos no estado, h\u00e1 de se destacar a presen\u00e7a de oito realizadores de Pernambuco, seis de Minas Gerais e do Rio de Janeiro, tr\u00eas do Cear\u00e1 e do Distrito Federal e nomes de Goi\u00e1s, Bahia, Paran\u00e1 e Rio Grande do Sul. <\/p>\n<ol class=\"content-ordered-list theme-ordered-list-color-primary\">\n<li><strong>\u2018Cidade de Deus\u2019 <\/strong>Fernando Meirelles (2002)<\/li>\n<li><strong>\u2018Ainda estou aqui\u2019<\/strong> Walter Salles (2024)<\/li>\n<li><strong>\u2018O som ao redor\u2019<\/strong> Kleber Mendon\u00e7a Filho (2012)<\/li>\n<li><strong>\u2018Que horas ela volta?\u2019<\/strong> Anna Muylaert (2015)<\/li>\n<li><strong>\u2018Edif\u00edcio Master\u2019 <\/strong>Eduardo Coutinho (2002)<\/li>\n<li><strong>\u2018Madame Sat\u00e3\u2019 <\/strong>Karim A\u00efnouz (2002)<\/li>\n<li><strong>\u2018Jogo de cena\u2019<\/strong> Eduardo Coutinho (2007)<\/li>\n<li><strong>\u2018Cinema, aspirinas e urubus\u2019<\/strong> Marcelo Gomes (2005)<\/li>\n<li><strong>\u2018Marte um\u2019<\/strong> Gabriel Martins (2022)<\/li>\n<li><strong>\u2018Bicho de sete cabe\u00e7as\u2019<\/strong> La\u00eds Bodanzky (2000)<\/li>\n<\/ol>\n","protected":false},"excerpt":{"rendered":"Oscar, Globo de Ouro, Urso de Prata no Festival de Berlim, pr\u00eamios de melhor dire\u00e7\u00e3o e ator em&hellip;\n","protected":false},"author":2,"featured_media":19688,"comment_status":"","ping_status":"","sticky":false,"template":"","format":"standard","meta":{"footnotes":""},"categories":[140],"tags":[4352,7254,813,7248,7251,7242,6920,470,7244,7249,114,115,7240,147,148,7250,7245,7246,7243,7252,146,7257,7253,7247,7256,32,2842,33,6919,679,4349,7255,7241,4348],"class_list":{"0":"post-19687","1":"post","2":"type-post","3":"status-publish","4":"format-standard","5":"has-post-thumbnail","7":"category-filmes","8":"tag-ainda-estou-aqui","9":"tag-aspirinas-e-urubus","10":"tag-atriz","11":"tag-bacurau","12":"tag-bicho-de-sete-cabecas","13":"tag-caio-blat","14":"tag-cidade-de-deus","15":"tag-cinema","16":"tag-diretora","17":"tag-edificio-master","18":"tag-entertainment","19":"tag-entretenimento","20":"tag-fernando-meirelles","21":"tag-film","22":"tag-filmes","23":"tag-jogo-de-cena","24":"tag-johnny-massaro","25":"tag-lazaro-ramos","26":"tag-leandra-leal","27":"tag-madame-sata","28":"tag-movies","29":"tag-o-auto-da-compadecida","30":"tag-o-ceu-de-suely","31":"tag-o-som-ao-redor","32":"tag-onibus-174","33":"tag-portugal","34":"tag-produtora","35":"tag-pt","36":"tag-que-horas-ela-volta","37":"tag-reportagem","38":"tag-selton-mello","39":"tag-tropa-de-elite","40":"tag-walter-carvalho","41":"tag-walter-salles"},"share_on_mastodon":{"url":"","error":""},"_links":{"self":[{"href":"https:\/\/www.europesays.com\/pt\/wp-json\/wp\/v2\/posts\/19687","targetHints":{"allow":["GET"]}}],"collection":[{"href":"https:\/\/www.europesays.com\/pt\/wp-json\/wp\/v2\/posts"}],"about":[{"href":"https:\/\/www.europesays.com\/pt\/wp-json\/wp\/v2\/types\/post"}],"author":[{"embeddable":true,"href":"https:\/\/www.europesays.com\/pt\/wp-json\/wp\/v2\/users\/2"}],"replies":[{"embeddable":true,"href":"https:\/\/www.europesays.com\/pt\/wp-json\/wp\/v2\/comments?post=19687"}],"version-history":[{"count":0,"href":"https:\/\/www.europesays.com\/pt\/wp-json\/wp\/v2\/posts\/19687\/revisions"}],"wp:featuredmedia":[{"embeddable":true,"href":"https:\/\/www.europesays.com\/pt\/wp-json\/wp\/v2\/media\/19688"}],"wp:attachment":[{"href":"https:\/\/www.europesays.com\/pt\/wp-json\/wp\/v2\/media?parent=19687"}],"wp:term":[{"taxonomy":"category","embeddable":true,"href":"https:\/\/www.europesays.com\/pt\/wp-json\/wp\/v2\/categories?post=19687"},{"taxonomy":"post_tag","embeddable":true,"href":"https:\/\/www.europesays.com\/pt\/wp-json\/wp\/v2\/tags?post=19687"}],"curies":[{"name":"wp","href":"https:\/\/api.w.org\/{rel}","templated":true}]}}