{"id":196914,"date":"2025-12-21T10:20:10","date_gmt":"2025-12-21T10:20:10","guid":{"rendered":"https:\/\/www.europesays.com\/pt\/196914\/"},"modified":"2025-12-21T10:20:10","modified_gmt":"2025-12-21T10:20:10","slug":"vladimir-putin-diz-estar-pronto-para-dialogar-com-emmanuel-macron","status":"publish","type":"post","link":"https:\/\/www.europesays.com\/pt\/196914\/","title":{"rendered":"Vladimir Putin diz estar &#8220;pronto para dialogar&#8221; com Emmanuel Macron"},"content":{"rendered":"<p>&#13;<br \/>\nO presidente da R\u00fassia est\u00e1 &#8220;pronto para dialogar&#8221; com Emmanuel Macron. A informa\u00e7\u00e3o foi transmitida este domingo pelo porta-voz do Kremlin \u00e0 ag\u00eancia de not\u00edcias russa RIA.\u00a0<\/p>\n<p>Dmitry Peskov lembrou a disponibilidade demonstrada por Vladimir Putin j\u00e1 na sexta-feira, na confer\u00eancia anual que faz o balan\u00e7o do mandato. &#13;\n<\/p>\n<p>&#13;<br \/>\n&#8220;[Macron] disse que estava pronto para falar com Putin. \u00c9 provavelmente muito importante recordar o que o presidente disse durante a Linha Direta [entrevista anual a Putin]. <b>Ele tamb\u00e9m expressou o facto de estar pronto para dialogar com Macron<\/b>&#8220;, explicou Peskov.&#13;\n<\/p>\n<p>&#13;<br \/>\nO porta-voz referia-se a uma declara\u00e7\u00e3o de Emmanuel Macron na sexta-feira de manh\u00e3 em Bruxelas, no final da cimeira em que a Uni\u00e3o Europeia chegou a um acordo para desbloquear um empr\u00e9stimo de 90 mil milh\u00f5es de euros para apoiar a Ucr\u00e2nia.&#13;\n<\/p>\n<p>&#13;<br \/>\n<b>&#8220;Penso que vai voltar a ser \u00fatil falar com Vladimir Putin&#8221;, disse o presidente franc\u00eas \u00e0 imprensa.<\/b> &#8220;Constato que h\u00e1 pessoas que falam com Vladimir Putin&#8221;, acrescentou, referindo-se ao presidente norte-americano, Donald Trump, que retomou o di\u00e1logo com o hom\u00f3logo russo.&#13;\n<\/p>\n<p>&#13;<br \/>\n&#8220;Por isso, penso que n\u00f3s, europeus e ucranianos, temos interesse em encontrar o enquadramento para retomar esta discuss\u00e3o de forma adequada. Caso contr\u00e1rio, discutimos entre n\u00f3s com negociadores que v\u00e3o sozinhos discutir com os russos, o que n\u00e3o \u00e9 o ideal&#8221;, insistiu Macron.<\/p>\n<p>A presid\u00eancia francesa j\u00e1 reagiu \u00e0s novas declara\u00e7\u00f5es deste domingo, <b>considerando &#8220;bem-vinda&#8221; a declara\u00e7\u00e3o de Vladimir Putin e adiantando que ir\u00e1 decidir &#8220;nos pr\u00f3ximos dias&#8221; como poder\u00e1 ser feita a comunica\u00e7\u00e3o com o presidente russo<\/b>.<\/p>\n<p>&#8220;\u00c9 bem-vindo que o Kremlin concorde publicamente com essa iniciativa. Nos pr\u00f3ximos dias decidiremos a melhor forma de proceder&#8221;, indicou o Eliseu.Negociadores juntos em Miami&#13;\n<\/p>\n<p>&#13;<br \/>\nEmiss\u00e1rios de Donald Trump est\u00e3o a levar a cabo uma s\u00e9rie de negocia\u00e7\u00f5es separadas, com Moscovo, por um lado, e com os ucranianos e europeus, por outro, na esperan\u00e7a de chegar a um acordo sobre o conflito na Ucr\u00e2nia.&#13;\n<\/p>\n<p>&#13;<br \/>\n<b>Negociadores ucranianos, europeus e norte-americanos est\u00e3o reunidos este fim de semana em Miami<\/b>, na Florida, para essas discuss\u00f5es conduzidas por Steve Witkoff, enviado especial de Donald Trump, e Jared Kushner, genro do presidente dos Estados Unidos.&#13;\n<\/p>\n<p>&#13;<br \/>\nO emiss\u00e1rio russo, Kirill Dmitriev, tamb\u00e9m se encontra em Miami desde s\u00e1bado.&#13;\n<\/p>\n<p>&#13;<br \/>\nO presidente ucraniano, Volodymyr Zelensky, apelou no s\u00e1bado a Washington para que aumente a press\u00e3o sobre Moscovo, com vista a um acordo para p\u00f4r fim ao conflito desencadeado pela invas\u00e3o russa da Ucr\u00e2nia em fevereiro de 2022.&#13;\n<\/p>\n<p>&#13;<br \/>\nc\/ Lusa&#13;<\/p>\n","protected":false},"excerpt":{"rendered":"&#13; O presidente da R\u00fassia est\u00e1 &#8220;pronto para dialogar&#8221; com Emmanuel Macron. A informa\u00e7\u00e3o foi transmitida este domingo&hellip;\n","protected":false},"author":2,"featured_media":196915,"comment_status":"","ping_status":"","sticky":false,"template":"","format":"standard","meta":{"footnotes":""},"categories":[50],"tags":[27,28,92,15,16,14,25,26,39297,39296,21,22,9961,62,12,13,19,20,23,24,8522,17,18,35608,29,30,31,2415,63,64,65],"class_list":{"0":"post-196914","1":"post","2":"type-post","3":"status-publish","4":"format-standard","5":"has-post-thumbnail","7":"category-mundo","8":"tag-breaking-news","9":"tag-breakingnews","10":"tag-donald-trump","11":"tag-featured-news","12":"tag-featurednews","13":"tag-headlines","14":"tag-latest-news","15":"tag-latestnews","16":"tag-macron-emissarios","17":"tag-macron-kremlin","18":"tag-main-news","19":"tag-mainnews","20":"tag-miami","21":"tag-mundo","22":"tag-news","23":"tag-noticias","24":"tag-noticias-principais","25":"tag-noticiasprincipais","26":"tag-principais-noticias","27":"tag-principaisnoticias","28":"tag-ria","29":"tag-top-stories","30":"tag-topstories","31":"tag-ucrania-negociadores","32":"tag-ultimas","33":"tag-ultimas-noticias","34":"tag-ultimasnoticias","35":"tag-vladimir-putin","36":"tag-world","37":"tag-world-news","38":"tag-worldnews"},"share_on_mastodon":{"url":"https:\/\/pubeurope.com\/@pt\/115757057619914013","error":""},"_links":{"self":[{"href":"https:\/\/www.europesays.com\/pt\/wp-json\/wp\/v2\/posts\/196914","targetHints":{"allow":["GET"]}}],"collection":[{"href":"https:\/\/www.europesays.com\/pt\/wp-json\/wp\/v2\/posts"}],"about":[{"href":"https:\/\/www.europesays.com\/pt\/wp-json\/wp\/v2\/types\/post"}],"author":[{"embeddable":true,"href":"https:\/\/www.europesays.com\/pt\/wp-json\/wp\/v2\/users\/2"}],"replies":[{"embeddable":true,"href":"https:\/\/www.europesays.com\/pt\/wp-json\/wp\/v2\/comments?post=196914"}],"version-history":[{"count":0,"href":"https:\/\/www.europesays.com\/pt\/wp-json\/wp\/v2\/posts\/196914\/revisions"}],"wp:featuredmedia":[{"embeddable":true,"href":"https:\/\/www.europesays.com\/pt\/wp-json\/wp\/v2\/media\/196915"}],"wp:attachment":[{"href":"https:\/\/www.europesays.com\/pt\/wp-json\/wp\/v2\/media?parent=196914"}],"wp:term":[{"taxonomy":"category","embeddable":true,"href":"https:\/\/www.europesays.com\/pt\/wp-json\/wp\/v2\/categories?post=196914"},{"taxonomy":"post_tag","embeddable":true,"href":"https:\/\/www.europesays.com\/pt\/wp-json\/wp\/v2\/tags?post=196914"}],"curies":[{"name":"wp","href":"https:\/\/api.w.org\/{rel}","templated":true}]}}