{"id":196916,"date":"2025-12-21T10:21:22","date_gmt":"2025-12-21T10:21:22","guid":{"rendered":"https:\/\/www.europesays.com\/pt\/196916\/"},"modified":"2025-12-21T10:21:22","modified_gmt":"2025-12-21T10:21:22","slug":"gouveia-e-melo-atrai-candidatos-de-varios-partidos","status":"publish","type":"post","link":"https:\/\/www.europesays.com\/pt\/196916\/","title":{"rendered":"Gouveia e Melo Atra\u00ed Candidatos de V\u00e1rios Partidos"},"content":{"rendered":"<p><strong>O almirante na reserva Henrique Gouveia e Melo \u00e9 o candidato \u00e0s elei\u00e7\u00f5es presidenciais que capta maior n\u00famero de apoios \u201cdesalinhados\u201d das orienta\u00e7\u00f5es partid\u00e1rias, incluindo um ex-l\u00edder do PSD e dois do CDS-PP.<\/strong><\/p>\n<p>A candidatura do antigo chefe do Estado-Maior da Armada, que se apresenta como uma figura independente, fora do sistema partid\u00e1rio, tem agregado apoios oriundos de diversos partidos, <strong>nomeadamente ex-l\u00edderes, a come\u00e7ar pelo seu mandat\u00e1rio nacional, Rui Rio, que foi presidente do PSD.<\/strong><\/p>\n<p>O partido liderado por Lu\u00eds Montenegro j\u00e1 declarou apoio oficial a Lu\u00eds Marques Mendes, tamb\u00e9m antigo presidente dos sociais-democratas, assim como o CDS-PP.<\/p>\n<p><strong>Na \u00e1rea centrista, Gouveia e Melo re\u00fane o apoio de dois ex-presidentes do CDS-PP, que votar\u00e3o &#8220;desalinhados&#8221; da orienta\u00e7\u00e3o oficial do partido: Jos\u00e9 Ribeiro e Castro e Francisco Rodrigues dos Santos.<\/strong><\/p>\n<p>Na lista de apoios p\u00fablicos do almirante na reserva <strong>surgem v\u00e1rios antigos governantes do PSD como Fernando Negr\u00e3o, Ant\u00f3nio Martins da Cruz,\u00a0\u00c2ngelo Correia ou Ant\u00f3nio Capucho, o ex-presidente do Governo Regional da Madeira\u00a0Alberto Jo\u00e3o Jardim, assim como autarcas da \u00e1rea social-democrata como Carlos Carreiras (Cascais), Isaltino Morais (Oeiras, e tamb\u00e9m antigo ministro do Ambiente), e Fernando Seara (ex-presidente da C\u00e2mara de Sintra).<\/strong><\/p>\n<p>Gouveia e Melo conta tamb\u00e9m com o <strong>apoio de dois ex-ministros da Sa\u00fade do PS, Ant\u00f3nio Correia de Campos e Manuel Pizarro, do\u00a0ex-secret\u00e1rio de Estado socialista Ricardo Pinheiro e do\u00a0antigo deputado do PS Diogo Le\u00e3o.<\/strong><\/p>\n<p>Recentemente, tamb\u00e9m o antigo primeiro-ministro e ex-secret\u00e1rio-geral do PS, <strong>Jos\u00e9 S\u00f3crates, afirmou que ir\u00e1 votar no almirante<\/strong> por considerar que \u00e9 o candidato que re\u00fane melhores condi\u00e7\u00f5es para combater a extrema-direita.<\/p>\n<p>Sobre estas afirma\u00e7\u00f5es, Gouveia e Melo disse apenas que o antigo governante votar\u00e1 em quem desejar, afastando-se desse apoio.<\/p>\n<p>No boletim de candidatos \u00e0s elei\u00e7\u00f5es presidenciais, <strong>Lu\u00eds Marques Mendes tamb\u00e9m re\u00fane v\u00e1rios apoios \u201cdesalinhados\u201d.<\/strong><\/p>\n<p><strong>\u00c9 o caso do atual presidente da C\u00e2mara Municipal de Fafe (munic\u00edpio onde Marques Mendes cresceu), o socialista Antero Barbosa, e\u00a0de dois antigos secret\u00e1rios de Estado do PS, em governos liderados por Ant\u00f3nio Costa: Jo\u00e3o Sobrinho Teixeira e Jos\u00e9 Gomes Mendes.<\/strong><\/p>\n<p>Uma das figuras que tamb\u00e9m j\u00e1 declarou publicamente que ir\u00e1 votar em Marques Mendes \u00e9 <strong>a antiga deputada e ex-militante da Iniciativa Liberal, Carla Castro<\/strong>, que chegou a concorrer \u00e0 lideran\u00e7a do partido contra Rui Rocha e <strong>integra a comiss\u00e3o de honra da candidatura do social-democrata.<\/strong><\/p>\n<p><strong>Andr\u00e9 Ventura, presidente do Chega, \u00e9 apoiado na corrida a Bel\u00e9m pelo antigo governante e ex-militante do PSD Rui Gomes da Silva<\/strong>, seu \u201cministro sombra\u201d na \u00e1rea da Justi\u00e7a, que surgiu inicialmente como apoiante de Gouveia e Melo.<\/p>\n<p><strong>Tamb\u00e9m Ant\u00f3nio Jos\u00e9 Seguro, cuja candidatura \u00e9 apoiada pelo PS, re\u00fane alguns \u201cdesalinhados\u201d como o ex-dirigente do PSD Vasco Rato (que em 2006 demitiu-se da Comiss\u00e3o Pol\u00edtica Nacional do PSD quando Marques Mendes era l\u00edder e \u00e9 conotado como pr\u00f3ximo do antigo primeiro-ministro, Pedro Passos Coelho), o\u00a0antigo vice-presidente do CDS Jo\u00e3o Varandas Fernandes ou o militante da IL Ricardo Valente<\/strong>, que chegou a ser vereador na C\u00e2mara Municipal do Porto quando Rui Moreira era presidente.<\/p>\n<p><strong>Seguro \u00e9 tamb\u00e9m apoiado por\u00a0Ricardo S\u00e1 Fernandes, antigo dirigente e militante do Livre.<\/strong><\/p>\n<p><strong>Jo\u00e3o Cotrim de Figueiredo, antigo l\u00edder da Iniciativa Liberal, \u00e9 apoiado por figuras como Jos\u00e9 Miguel J\u00fadice, que j\u00e1 foi militante do PSD<\/strong> e \u00e9 o mandat\u00e1rio nacional da candidatura do liberal a Bel\u00e9m.<\/p>\n<p><strong>Cotrim conta ainda com o apoio da antiga deputada do PSD Liliana Reis ou do ex-dirigente e fundador do Chega Nuno Afonso.<\/strong><\/p>\n<p>\u00c0 esquerda, a candidata apoiada pelo BE, <strong>Catarina Martins, ter\u00e1 o voto da deputada socialista Isabel Moreira<\/strong>, que votar\u00e1 \u201cdesalinhada\u201d do apoio do PS a Seguro.<\/p>\n","protected":false},"excerpt":{"rendered":"O almirante na reserva Henrique Gouveia e Melo \u00e9 o candidato \u00e0s elei\u00e7\u00f5es presidenciais que capta maior n\u00famero&hellip;\n","protected":false},"author":2,"featured_media":196917,"comment_status":"","ping_status":"","sticky":false,"template":"","format":"standard","meta":{"footnotes":""},"categories":[10],"tags":[27,28,15,16,14,25,26,21,22,12,13,19,20,32,5215,1076,23,24,33,17,18,29,30,31],"class_list":{"0":"post-196916","1":"post","2":"type-post","3":"status-publish","4":"format-standard","5":"has-post-thumbnail","7":"category-portugal","8":"tag-breaking-news","9":"tag-breakingnews","10":"tag-featured-news","11":"tag-featurednews","12":"tag-headlines","13":"tag-latest-news","14":"tag-latestnews","15":"tag-main-news","16":"tag-mainnews","17":"tag-news","18":"tag-noticias","19":"tag-noticias-principais","20":"tag-noticiasprincipais","21":"tag-portugal","22":"tag-presidenciais","23":"tag-presidenciais-2026","24":"tag-principais-noticias","25":"tag-principaisnoticias","26":"tag-pt","27":"tag-top-stories","28":"tag-topstories","29":"tag-ultimas","30":"tag-ultimas-noticias","31":"tag-ultimasnoticias"},"share_on_mastodon":{"url":"https:\/\/pubeurope.com\/@pt\/115757061576317028","error":""},"_links":{"self":[{"href":"https:\/\/www.europesays.com\/pt\/wp-json\/wp\/v2\/posts\/196916","targetHints":{"allow":["GET"]}}],"collection":[{"href":"https:\/\/www.europesays.com\/pt\/wp-json\/wp\/v2\/posts"}],"about":[{"href":"https:\/\/www.europesays.com\/pt\/wp-json\/wp\/v2\/types\/post"}],"author":[{"embeddable":true,"href":"https:\/\/www.europesays.com\/pt\/wp-json\/wp\/v2\/users\/2"}],"replies":[{"embeddable":true,"href":"https:\/\/www.europesays.com\/pt\/wp-json\/wp\/v2\/comments?post=196916"}],"version-history":[{"count":0,"href":"https:\/\/www.europesays.com\/pt\/wp-json\/wp\/v2\/posts\/196916\/revisions"}],"wp:featuredmedia":[{"embeddable":true,"href":"https:\/\/www.europesays.com\/pt\/wp-json\/wp\/v2\/media\/196917"}],"wp:attachment":[{"href":"https:\/\/www.europesays.com\/pt\/wp-json\/wp\/v2\/media?parent=196916"}],"wp:term":[{"taxonomy":"category","embeddable":true,"href":"https:\/\/www.europesays.com\/pt\/wp-json\/wp\/v2\/categories?post=196916"},{"taxonomy":"post_tag","embeddable":true,"href":"https:\/\/www.europesays.com\/pt\/wp-json\/wp\/v2\/tags?post=196916"}],"curies":[{"name":"wp","href":"https:\/\/api.w.org\/{rel}","templated":true}]}}