{"id":196937,"date":"2025-12-21T10:49:08","date_gmt":"2025-12-21T10:49:08","guid":{"rendered":"https:\/\/www.europesays.com\/pt\/196937\/"},"modified":"2025-12-21T10:49:08","modified_gmt":"2025-12-21T10:49:08","slug":"aviso-laranja-em-onze-distritos-devido-a-queda-de-neve-e-agitacao-maritima","status":"publish","type":"post","link":"https:\/\/www.europesays.com\/pt\/196937\/","title":{"rendered":"Aviso laranja em onze distritos devido a queda de neve e agita\u00e7\u00e3o mar\u00edtima"},"content":{"rendered":"<p>                Depois de uma noite de muita neve no interior norte e centro do pa\u00eds, este domingo 11 distritos est\u00e3o sob aviso laranja &#8211; o segundo mais elevado &#8211; devido \u00e0 queda de neve e \u00e0 agita\u00e7\u00e3o mar\u00edtima, indicou o Instituto Portugu\u00eas do Mar e da Atmosfera (IPMA).<\/p>\n<p>Os v\u00eddeos que circulam nas redes sociais mostram que a neve caiu em for\u00e7a no s\u00e1bado em Montalegre, Vila Pouca de Aguiar e Bragan\u00e7a.<\/p>\n<p>Tamb\u00e9m nevou em Moimenta da Beira, Guarda, Trancoso e Chaves.<\/p>\n<p>Portugal est\u00e1 a ser afetado por duas frentes frias e uma massa de ar polar, o que traz chuva, frio e muita neve at\u00e9 depois do Natal.<\/p>\n<p>Os distritos de Braga, Castelo Branco, Guarda, Viana do Castelo, Vila Real e Viseu est\u00e3o em alerta laranja para a queda de neve at\u00e9 \u00e0s 09h00 deste domingo, prevendo-se &#8220;vias condicionadas ou interditas, danos em estruturas ou \u00e1rvores e abastecimentos locais prejudicados&#8221;, de acordo com um comunicado do IPMA.<\/p>\n<p>Na nota, o IPMA estende ainda o alerta laranja para agita\u00e7\u00e3o mar\u00edtima em sete distritos, estando este agora em vigor at\u00e9 \u00e0s 12h00 desta tarde.<\/p>\n<p>Aveiro, Braga, Coimbra, Leiria, Lisboa, Porto e Viana do Castelo est\u00e3o todos com previs\u00e3o de &#8220;ondas de noroeste com cinco a seis metros e altura m\u00e1xima de dez metros&#8221;.<\/p>\n<p>O aviso laranja \u00e9 emitido pelo IPMA sempre que existe &#8220;situa\u00e7\u00e3o meteorol\u00f3gica de risco moderado a elevado, e o amarelo quando h\u00e1 uma situa\u00e7\u00e3o de risco para determinadas atividades dependentes da situa\u00e7\u00e3o meteorol\u00f3gica.<\/p>\n<p>O inverno come\u00e7a este domingo, com previs\u00e3o de chuva, queda de neve e temperaturas m\u00e1ximas a variar entre os quatro e os 14 graus Celsius, segundo o IPMA.<\/p>\n<p>c\/ Lusa&#13;\n            <\/p>\n","protected":false},"excerpt":{"rendered":"Depois de uma noite de muita neve no interior norte e centro do pa\u00eds, este domingo 11 distritos&hellip;\n","protected":false},"author":2,"featured_media":196938,"comment_status":"","ping_status":"","sticky":false,"template":"","format":"standard","meta":{"footnotes":""},"categories":[10],"tags":[27,28,15,16,14,25,26,21,22,12,13,19,20,32,23,24,33,420,421,17,18,29,30,31],"class_list":{"0":"post-196937","1":"post","2":"type-post","3":"status-publish","4":"format-standard","5":"has-post-thumbnail","7":"category-portugal","8":"tag-breaking-news","9":"tag-breakingnews","10":"tag-featured-news","11":"tag-featurednews","12":"tag-headlines","13":"tag-latest-news","14":"tag-latestnews","15":"tag-main-news","16":"tag-mainnews","17":"tag-news","18":"tag-noticias","19":"tag-noticias-principais","20":"tag-noticiasprincipais","21":"tag-portugal","22":"tag-principais-noticias","23":"tag-principaisnoticias","24":"tag-pt","25":"tag-rtp","26":"tag-rtp-noticias","27":"tag-top-stories","28":"tag-topstories","29":"tag-ultimas","30":"tag-ultimas-noticias","31":"tag-ultimasnoticias"},"share_on_mastodon":{"url":"https:\/\/pubeurope.com\/@pt\/115757171692094284","error":""},"_links":{"self":[{"href":"https:\/\/www.europesays.com\/pt\/wp-json\/wp\/v2\/posts\/196937","targetHints":{"allow":["GET"]}}],"collection":[{"href":"https:\/\/www.europesays.com\/pt\/wp-json\/wp\/v2\/posts"}],"about":[{"href":"https:\/\/www.europesays.com\/pt\/wp-json\/wp\/v2\/types\/post"}],"author":[{"embeddable":true,"href":"https:\/\/www.europesays.com\/pt\/wp-json\/wp\/v2\/users\/2"}],"replies":[{"embeddable":true,"href":"https:\/\/www.europesays.com\/pt\/wp-json\/wp\/v2\/comments?post=196937"}],"version-history":[{"count":0,"href":"https:\/\/www.europesays.com\/pt\/wp-json\/wp\/v2\/posts\/196937\/revisions"}],"wp:featuredmedia":[{"embeddable":true,"href":"https:\/\/www.europesays.com\/pt\/wp-json\/wp\/v2\/media\/196938"}],"wp:attachment":[{"href":"https:\/\/www.europesays.com\/pt\/wp-json\/wp\/v2\/media?parent=196937"}],"wp:term":[{"taxonomy":"category","embeddable":true,"href":"https:\/\/www.europesays.com\/pt\/wp-json\/wp\/v2\/categories?post=196937"},{"taxonomy":"post_tag","embeddable":true,"href":"https:\/\/www.europesays.com\/pt\/wp-json\/wp\/v2\/tags?post=196937"}],"curies":[{"name":"wp","href":"https:\/\/api.w.org\/{rel}","templated":true}]}}