{"id":196939,"date":"2025-12-21T10:50:14","date_gmt":"2025-12-21T10:50:14","guid":{"rendered":"https:\/\/www.europesays.com\/pt\/196939\/"},"modified":"2025-12-21T10:50:14","modified_gmt":"2025-12-21T10:50:14","slug":"mercosul-milei-pede-apoio-a-pressao-contra-venezuela-observador","status":"publish","type":"post","link":"https:\/\/www.europesays.com\/pt\/196939\/","title":{"rendered":"Mercosul. Milei pede apoio a press\u00e3o contra Venezuela \u2013 Observador"},"content":{"rendered":"<p>O Presidente argentino, Javier Milei, instou este s\u00e1bado os seus parceiros do Mercosul a apoiarem a press\u00e3o militar exercida pelo hom\u00f3logo norte-americano, Donald Trump, contra a Venezuela e a condenarem o Governo de Nicol\u00e1s Maduro.<\/p>\n<p>\u201cA Argentina sa\u00fada a press\u00e3o dos Estados Unidos e de Donald Trump para libertar o povo venezuelano. O tempo de uma abordagem t\u00edmida sobre este assunto acabou. <strong>Exortamos tamb\u00e9m todos os outros membros do bloco a apoiarem esta posi\u00e7\u00e3o\u201d<\/strong>, apelou Milei no seu discurso na Cimeira do Mercosul em Foz de Igua\u00e7u, no sul do Brasil.<\/p>\n<p>O l\u00edder argentino referiu-se ao hom\u00f3logo venezuelano como narcoterrorista e autorit\u00e1rio, refor\u00e7ando o seu apoio ao grande destacamento naval dos Estados Unidos em \u00e1guas das Cara\u00edbas desde setembro e ao an\u00fancio na passada semana de Washington de bloqueio das exporta\u00e7\u00f5es de petr\u00f3leo venezuelano.<\/p>\n<p>Milei recordou que a Venezuela est\u00e1 suspensa do Mercosul por violar o Protocolo de Ushuaia, que regula a participa\u00e7\u00e3o no bloco sul-americano, e acusou o Governo de Maduro de ser respons\u00e1vel pela \u201cdevastadora crise pol\u00edtica, humanit\u00e1ria e social\u201d no seu pa\u00eds.<\/p>\n<p>\u201cA ditadura atroz e desumana do narcoterrorista Nicol\u00e1s Maduro lan\u00e7a uma sombra escura sobre a nossa regi\u00e3o. Este perigo e esta vergonha n\u00e3o podem continuar a existir no continente, ou acabar\u00e3o por nos arrastar a todos\u201d, advertiu ainda Milei, que \u00e9 pr\u00f3ximo do l\u00edder da Casa Branca, num discurso que seguiu uma orienta\u00e7\u00e3o diversa do Presidente brasileiro, Lula da Silva.<\/p>\n<p>\u201cQuatro d\u00e9cadas ap\u00f3s a Guerra das Malvinas, o continente sul-americano \u00e9 novamente assombrado\u201d pela presen\u00e7a militar de uma pot\u00eancia estrangeira, afirmou o chefe de Estado brasileiro na abertura da cimeira do Mercosul, alertando que uma interven\u00e7\u00e3o militar na Venezuela \u201c<strong>seria uma cat\u00e1strofe humanit\u00e1ria para o hemisf\u00e9rio sul e um precedente perigoso para o mundo<\/strong>\u201c.<\/p>\n<p>Na sexta-feira, o Presidente norte-americano n\u00e3o descartou a possibilidade de uma guerra com a Venezuela, dias depois de ter ordenado um bloqueio a petroleiros com origem ou destino naquele pa\u00eds.<\/p>\n<p>O l\u00edder da Casa Branca recusou-se por outro lado a comentar se o objetivo das opera\u00e7\u00f5es militares norte-americanas \u00e9 a deposi\u00e7\u00e3o do Presidente venezuelano, com o qual conversou por telefone em novembro, e \u201csabe melhor do que ningu\u00e9m\u201d o que Washington pretende.<\/p>\n<p>No mesmo dia, o secret\u00e1rio de Estado norte-americano, Marco Rubio, referiu-se a um \u201cregime ileg\u00edtimo que coopera abertamente com terroristas que amea\u00e7am a seguran\u00e7a dos Estados Unidos\u201d, apontando o Ir\u00e3o e o grupo xiita liban\u00eas Hezbollah, al\u00e9m da prote\u00e7\u00e3o a grupos organizados de narcotr\u00e1fico na Am\u00e9rica Latina.<\/p>\n<p>Os Estados Unidos aumentaram nas \u00faltimas semanas a press\u00e3o sobre o Governo de Nicol\u00e1s Maduro, a quem acusam de liderar o Cartel de los Soles, alega\u00e7\u00e3o negada por Caracas, ap\u00f3s meses de bombardeamentos contra supostos barcos de tr\u00e1fico de droga nas Cara\u00edbas e no Pac\u00edfico.<\/p>\n","protected":false},"excerpt":{"rendered":"O Presidente argentino, Javier Milei, instou este s\u00e1bado os seus parceiros do Mercosul a apoiarem a press\u00e3o militar&hellip;\n","protected":false},"author":2,"featured_media":196940,"comment_status":"","ping_status":"","sticky":false,"template":"","format":"standard","meta":{"footnotes":""},"categories":[8],"tags":[624,27,28,623,15,16,14,25,26,21,22,62,12,13,19,20,32,23,24,33,17,18,29,30,31,3023],"class_list":{"0":"post-196939","1":"post","2":"type-post","3":"status-publish","4":"format-standard","5":"has-post-thumbnail","7":"category-principais-noticias","8":"tag-amu00e9rica","9":"tag-breaking-news","10":"tag-breakingnews","11":"tag-estados-unidos-da-amu00e9rica","12":"tag-featured-news","13":"tag-featurednews","14":"tag-headlines","15":"tag-latest-news","16":"tag-latestnews","17":"tag-main-news","18":"tag-mainnews","19":"tag-mundo","20":"tag-news","21":"tag-noticias","22":"tag-noticias-principais","23":"tag-noticiasprincipais","24":"tag-portugal","25":"tag-principais-noticias","26":"tag-principaisnoticias","27":"tag-pt","28":"tag-top-stories","29":"tag-topstories","30":"tag-ultimas","31":"tag-ultimas-noticias","32":"tag-ultimasnoticias","33":"tag-venezuela"},"share_on_mastodon":{"url":"https:\/\/pubeurope.com\/@pt\/115757175948856270","error":""},"_links":{"self":[{"href":"https:\/\/www.europesays.com\/pt\/wp-json\/wp\/v2\/posts\/196939","targetHints":{"allow":["GET"]}}],"collection":[{"href":"https:\/\/www.europesays.com\/pt\/wp-json\/wp\/v2\/posts"}],"about":[{"href":"https:\/\/www.europesays.com\/pt\/wp-json\/wp\/v2\/types\/post"}],"author":[{"embeddable":true,"href":"https:\/\/www.europesays.com\/pt\/wp-json\/wp\/v2\/users\/2"}],"replies":[{"embeddable":true,"href":"https:\/\/www.europesays.com\/pt\/wp-json\/wp\/v2\/comments?post=196939"}],"version-history":[{"count":0,"href":"https:\/\/www.europesays.com\/pt\/wp-json\/wp\/v2\/posts\/196939\/revisions"}],"wp:featuredmedia":[{"embeddable":true,"href":"https:\/\/www.europesays.com\/pt\/wp-json\/wp\/v2\/media\/196940"}],"wp:attachment":[{"href":"https:\/\/www.europesays.com\/pt\/wp-json\/wp\/v2\/media?parent=196939"}],"wp:term":[{"taxonomy":"category","embeddable":true,"href":"https:\/\/www.europesays.com\/pt\/wp-json\/wp\/v2\/categories?post=196939"},{"taxonomy":"post_tag","embeddable":true,"href":"https:\/\/www.europesays.com\/pt\/wp-json\/wp\/v2\/tags?post=196939"}],"curies":[{"name":"wp","href":"https:\/\/api.w.org\/{rel}","templated":true}]}}