{"id":196945,"date":"2025-12-21T11:03:33","date_gmt":"2025-12-21T11:03:33","guid":{"rendered":"https:\/\/www.europesays.com\/pt\/196945\/"},"modified":"2025-12-21T11:03:33","modified_gmt":"2025-12-21T11:03:33","slug":"no-fim-de-contas-os-carros-eletricos-que-a-ue-queria-estavam-bem-debaixo-dos-nossos-narizes-e-a-circular-nas-estradas-europeias","status":"publish","type":"post","link":"https:\/\/www.europesays.com\/pt\/196945\/","title":{"rendered":"No fim de contas, os carros el\u00e9tricos que a UE queria estavam bem debaixo dos nossos narizes&#8230; e a circular nas estradas europeias"},"content":{"rendered":"<p>A Uni\u00e3o Europeia vai, afinal, ter os carros el\u00e9tricos que h\u00e1 muito procurava. N\u00e3o se tratam de novos modelos minimalistas inspirados nos kei cars japoneses, mas de autom\u00f3veis que j\u00e1 circulam nas estradas europeias h\u00e1 v\u00e1rios anos. A Comiss\u00e3o Europeia criou uma nova categoria, oficialmente designada por carros pequenos e acess\u00edveis, com o objetivo de refor\u00e7ar a competitividade dos construtores europeus no mercado el\u00e9trico.<\/p>\n<p>Durante meses, o debate apontava para ve\u00edculos de dimens\u00f5es muito reduzidas, baixa pot\u00eancia e pre\u00e7os m\u00ednimos, pensados quase de raiz para responder \u00e0s exig\u00eancias ambientais de Bruxelas. No entanto, segundo o \u2018Motor1\u2019, essa ideia estava apenas parcialmente correta. A nova regulamenta\u00e7\u00e3o vem confirmar que os modelos escolhidos s\u00e3o, na pr\u00e1tica, carros que os consumidores j\u00e1 conhecem bem.<\/p>\n<p><strong>Uma categoria feita \u00e0 medida da ind\u00fastria europeia<\/strong><\/p>\n<p>A nova classe, designada M1E, ir\u00e1 abranger todos os autom\u00f3veis el\u00e9tricos com comprimento at\u00e9 4,2 metros. Na pr\u00e1tica, entram nesta defini\u00e7\u00e3o os ve\u00edculos do segmento A e uma parte significativa do segmento B atualmente dispon\u00edvel no mercado europeu.<\/p>\n<p>Entre os exemplos enquadrados nesta categoria est\u00e3o modelos como o Fiat Grande Panda, o Opel Corsa, o Renault 5 ou o Peugeot 208. Olhando para o futuro, tamb\u00e9m projetos previstos para 2026, como o Skoda Epiq ou o Volkswagen ID.Polo, passam a encaixar neste novo enquadramento, de acordo com o \u2018Motor1\u2019.<\/p>\n<p>A decis\u00e3o n\u00e3o \u00e9 surpreendente. Estes s\u00e3o precisamente os modelos em que os fabricantes europeus mais investiram nos \u00faltimos anos e que continuam a representar o n\u00facleo da sua estrat\u00e9gia industrial. Criar uma nova classe baseada em microcarros teria significado ignorar esse esfor\u00e7o e obrigar as marcas a recome\u00e7ar do zero.<\/p>\n<p><strong>Um trunfo escondido \u00e0 vista de todos<\/strong><\/p>\n<p>Com esta defini\u00e7\u00e3o, muitas marcas descobrem que j\u00e1 t\u00eam em casa aquilo que Bruxelas procura. Os carros el\u00e9tricos considerados estrat\u00e9gicos para a pol\u00edtica europeia estavam, afinal, \u201cbem debaixo dos nossos narizes\u201d, permitindo aos construtores evitar novos e dispendiosos ciclos de desenvolvimento.<\/p>\n<p>Esta abordagem oferece tamb\u00e9m maior previsibilidade \u00e0 ind\u00fastria, num contexto em que v\u00e1rias decis\u00f5es regulat\u00f3rias anteriores foram criticadas por estarem desligadas da realidade do mercado e da capacidade produtiva das empresas.<\/p>\n<p><strong>Supercr\u00e9ditos e impacto nas emiss\u00f5es<\/strong><\/p>\n<p>Um dos aspetos centrais desta nova categoria \u00e9 o acesso aos chamados supercr\u00e9ditos. As vendas destes carros el\u00e9tricos poder\u00e3o contar 1,3 vezes no c\u00e1lculo m\u00e9dio das emiss\u00f5es de CO\u2082 de cada fabricante, ajudando a cumprir os limites impostos pela legisla\u00e7\u00e3o europeia.<\/p>\n<p>Este mecanismo tem v\u00e1rias implica\u00e7\u00f5es. Por um lado, incentiva a produ\u00e7\u00e3o de carros mais compactos, contrariando a tend\u00eancia recente de crescimento cont\u00ednuo das dimens\u00f5es dos modelos. Por outro, permite que as vendas de el\u00e9tricos compensem as emiss\u00f5es de ve\u00edculos com motor de combust\u00e3o interna, incluindo modelos desportivos, contribuindo para a sua continuidade em produ\u00e7\u00e3o.<\/p>\n<p>Ao mesmo tempo, a atribui\u00e7\u00e3o destes supercr\u00e9ditos dever\u00e1 pressionar os construtores a manter pre\u00e7os de entrada mais baixos, potencialmente entre 15 mil e 20 mil euros para as vers\u00f5es base.<\/p>\n<p><strong>Regulamento em prepara\u00e7\u00e3o e horizonte de 10 anos<\/strong><\/p>\n<p>Os detalhes finais desta nova categoria dependem ainda da revis\u00e3o do Regulamento Europeu 2018\/858, cuja publica\u00e7\u00e3o \u00e9 esperada nos pr\u00f3ximos meses, seguindo-se a aprova\u00e7\u00e3o pelo Parlamento Europeu. Segundo informa\u00e7\u00f5es provenientes de Bruxelas, o novo enquadramento dever\u00e1 vigorar durante um per\u00edodo de 10 anos, garantindo estabilidade para os planos industriais dos fabricantes.<\/p>\n<p>A cria\u00e7\u00e3o deste quadro regulat\u00f3rio poder\u00e1 ainda influenciar a legisla\u00e7\u00e3o nacional dos Estados-membros, abrindo caminho a incentivos espec\u00edficos, benef\u00edcios fiscais ou condi\u00e7\u00f5es mais favor\u00e1veis de estacionamento e acesso a zonas urbanas. <\/p>\n","protected":false},"excerpt":{"rendered":"A Uni\u00e3o Europeia vai, afinal, ter os carros el\u00e9tricos que h\u00e1 muito procurava. N\u00e3o se tratam de novos&hellip;\n","protected":false},"author":2,"featured_media":196946,"comment_status":"","ping_status":"","sticky":false,"template":"","format":"standard","meta":{"footnotes":""},"categories":[83],"tags":[88,89,90,32,33],"class_list":{"0":"post-196945","1":"post","2":"type-post","3":"status-publish","4":"format-standard","5":"has-post-thumbnail","7":"category-empresas","8":"tag-business","9":"tag-economy","10":"tag-empresas","11":"tag-portugal","12":"tag-pt"},"share_on_mastodon":{"url":"https:\/\/pubeurope.com\/@pt\/115757226789480059","error":""},"_links":{"self":[{"href":"https:\/\/www.europesays.com\/pt\/wp-json\/wp\/v2\/posts\/196945","targetHints":{"allow":["GET"]}}],"collection":[{"href":"https:\/\/www.europesays.com\/pt\/wp-json\/wp\/v2\/posts"}],"about":[{"href":"https:\/\/www.europesays.com\/pt\/wp-json\/wp\/v2\/types\/post"}],"author":[{"embeddable":true,"href":"https:\/\/www.europesays.com\/pt\/wp-json\/wp\/v2\/users\/2"}],"replies":[{"embeddable":true,"href":"https:\/\/www.europesays.com\/pt\/wp-json\/wp\/v2\/comments?post=196945"}],"version-history":[{"count":0,"href":"https:\/\/www.europesays.com\/pt\/wp-json\/wp\/v2\/posts\/196945\/revisions"}],"wp:featuredmedia":[{"embeddable":true,"href":"https:\/\/www.europesays.com\/pt\/wp-json\/wp\/v2\/media\/196946"}],"wp:attachment":[{"href":"https:\/\/www.europesays.com\/pt\/wp-json\/wp\/v2\/media?parent=196945"}],"wp:term":[{"taxonomy":"category","embeddable":true,"href":"https:\/\/www.europesays.com\/pt\/wp-json\/wp\/v2\/categories?post=196945"},{"taxonomy":"post_tag","embeddable":true,"href":"https:\/\/www.europesays.com\/pt\/wp-json\/wp\/v2\/tags?post=196945"}],"curies":[{"name":"wp","href":"https:\/\/api.w.org\/{rel}","templated":true}]}}