{"id":196957,"date":"2025-12-21T11:12:12","date_gmt":"2025-12-21T11:12:12","guid":{"rendered":"https:\/\/www.europesays.com\/pt\/196957\/"},"modified":"2025-12-21T11:12:12","modified_gmt":"2025-12-21T11:12:12","slug":"vingadores-doosmday-thor-sera-vitima-da-cena-mais-brutal-na-historia-da-marvel","status":"publish","type":"post","link":"https:\/\/www.europesays.com\/pt\/196957\/","title":{"rendered":"Vingadores: Doosmday &#8211; Thor ser\u00e1 v\u00edtima da cena mais brutal na hist\u00f3ria da Marvel"},"content":{"rendered":"<p><a href=\"https:\/\/legadodamarvel.com.br\/filme\/vingadores-doutor-destino\/\" rel=\"nofollow noopener\" target=\"_blank\">Vingadores: Doomsday<\/a>, recentemente, batizado pelo subt\u00edtulo \u201cDoutor Destino\u201d no Brasil, ter\u00e1 o Thor (<a href=\"https:\/\/legadodamarvel.com.br\/tag\/chris-hemsworth\" rel=\"nofollow noopener\" target=\"_blank\">Chris Hemsworth<\/a>) como um de seus protagonistas.<\/p>\n<p>Sim, o filme contar\u00e1 com muitos e muitos her\u00f3is, um n\u00famero recorde na hist\u00f3ria da Marvel, mas alguns ter\u00e3o mais destaque do que outros. Assim como tamb\u00e9m aconteceu em todos os filmes anteriores dos Vingadores.<\/p>\n<p>O destaque do Thor foi confirmado pela pr\u00f3pria Marvel. Recentemente, o est\u00fadio anunciou 4 trailers diferentes, cada um focando em um personagem de destaque do filme. E o 2\u00ba trailer destacar\u00e1 o retorno do Deus do Trov\u00e3o.<\/p>\n<p>Em Vingadores: Doomsday o Thor deve protagonizar cena brutal!<\/p>\n<p>Mas nem tudo s\u00e3o flores. Nos \u00faltimos anos, a jornada do Thor no MCU foi passar por grandes perdas e sacrif\u00edcios. Ele j\u00e1 perdeu Asgard, o cabelo, o Mjolnir, a sua fam\u00edlia e at\u00e9 a sua amada Jane Foster.<\/p>\n<p>Sendo assim, Vingadores: Doomsday prepara mais uma grande perda para o Thor, mas desta vez em uma cena que promete ser mais tensa e brutal que qualquer outra.<\/p>\n<p>Segundo o insider <a href=\"https:\/\/x.com\/jamesmackwl\" rel=\"nofollow\">James Mack,<\/a> que vem vazando diversas informa\u00e7\u00f5es a respeito do filme, uma das cenas mais brutais do filme trar\u00e1 o vil\u00e3o Doutor Destino arrancando um dos bra\u00e7os do Thor!<\/p>\n<p>J\u00e1 aconteceu nos quadrinhos! <img loading=\"lazy\" decoding=\"async\" class=\"lazyload aligncenter size-full wp-image-166867\" viewbox=\"0 0 800 541\" src=\"https:\/\/www.europesays.com\/pt\/wp-content\/uploads\/2025\/12\/vingadores-doomsday-hq-thor-braco-legadodamarvel.webp.webp\" alt=\"vingadores doomsday bra\u00e7o thor\" width=\"800\" height=\"541\"  data-\/><\/p>\n<p>Nas HQs da Marvel, o Thor tamb\u00e9m perdeu o bra\u00e7o no arco Pecado Original, de 2014. No entanto, nos quadrinhos, ele teve seu bra\u00e7o cortado pelo vil\u00e3o Malekith.<\/p>\n<p>De qualquer forma, vai ser legal ver a Marvel adaptar este momento em Vingadores: Doomsday, que promete dificultar ainda mais a vida do Thor no MCU.<\/p>\n<p><strong>LEIA TAMB\u00c9M:<\/strong><\/p>\n<p>O que acharam? Deixe sua opini\u00e3o nos coment\u00e1rios e, por fim, continue acompanhando o\u00a0<strong>Legado da Marvel\u00a0<\/strong>para n\u00e3o perder nenhuma novidade!<\/p>\n","protected":false},"excerpt":{"rendered":"Vingadores: Doomsday, recentemente, batizado pelo subt\u00edtulo \u201cDoutor Destino\u201d no Brasil, ter\u00e1 o Thor (Chris Hemsworth) como um de&hellip;\n","protected":false},"author":2,"featured_media":196958,"comment_status":"","ping_status":"","sticky":false,"template":"","format":"standard","meta":{"footnotes":""},"categories":[140],"tags":[114,115,147,148,146,32,33,6385,38893],"class_list":{"0":"post-196957","1":"post","2":"type-post","3":"status-publish","4":"format-standard","5":"has-post-thumbnail","7":"category-filmes","8":"tag-entertainment","9":"tag-entretenimento","10":"tag-film","11":"tag-filmes","12":"tag-movies","13":"tag-portugal","14":"tag-pt","15":"tag-thor","16":"tag-vingadores-doutor-destino"},"share_on_mastodon":{"url":"https:\/\/pubeurope.com\/@pt\/115757262282938803","error":""},"_links":{"self":[{"href":"https:\/\/www.europesays.com\/pt\/wp-json\/wp\/v2\/posts\/196957","targetHints":{"allow":["GET"]}}],"collection":[{"href":"https:\/\/www.europesays.com\/pt\/wp-json\/wp\/v2\/posts"}],"about":[{"href":"https:\/\/www.europesays.com\/pt\/wp-json\/wp\/v2\/types\/post"}],"author":[{"embeddable":true,"href":"https:\/\/www.europesays.com\/pt\/wp-json\/wp\/v2\/users\/2"}],"replies":[{"embeddable":true,"href":"https:\/\/www.europesays.com\/pt\/wp-json\/wp\/v2\/comments?post=196957"}],"version-history":[{"count":0,"href":"https:\/\/www.europesays.com\/pt\/wp-json\/wp\/v2\/posts\/196957\/revisions"}],"wp:featuredmedia":[{"embeddable":true,"href":"https:\/\/www.europesays.com\/pt\/wp-json\/wp\/v2\/media\/196958"}],"wp:attachment":[{"href":"https:\/\/www.europesays.com\/pt\/wp-json\/wp\/v2\/media?parent=196957"}],"wp:term":[{"taxonomy":"category","embeddable":true,"href":"https:\/\/www.europesays.com\/pt\/wp-json\/wp\/v2\/categories?post=196957"},{"taxonomy":"post_tag","embeddable":true,"href":"https:\/\/www.europesays.com\/pt\/wp-json\/wp\/v2\/tags?post=196957"}],"curies":[{"name":"wp","href":"https:\/\/api.w.org\/{rel}","templated":true}]}}