{"id":196961,"date":"2025-12-21T11:18:20","date_gmt":"2025-12-21T11:18:20","guid":{"rendered":"https:\/\/www.europesays.com\/pt\/196961\/"},"modified":"2025-12-21T11:18:20","modified_gmt":"2025-12-21T11:18:20","slug":"venezuela-intervencao-armada-seria-castastrofe-humanitaria-observador","status":"publish","type":"post","link":"https:\/\/www.europesays.com\/pt\/196961\/","title":{"rendered":"Venezuela. Interven\u00e7\u00e3o armada seria cast\u00e1strofe humanit\u00e1ria \u2013 Observador"},"content":{"rendered":"<p>O\u00a0 presidente do Brasil, Lula da Silva, alertou neste s\u00e1bado, durante a interven\u00e7\u00e3o na abertura da cimeira do Mercosul, em Foz do Igua\u00e7u, que \u201cuma interven\u00e7\u00e3o armada dos Estados Unidos na Venezuela seria uma cat\u00e1strofe humanit\u00e1ria\u201d.<\/p>\n<p>\u201cQuatro d\u00e9cadas ap\u00f3s a Guerra das Malvinas, o continente sul-americano \u00e9 novamente assombrado pela presen\u00e7a militar de uma pot\u00eancia\u201d estrangeira, afirmou o chefe de Estado brasileiro, acrescentando, citado pela ag\u00eancia francesa de not\u00edcias, a France-Presse (AFP): \u201cUma interven\u00e7\u00e3o armada na Venezuela seria uma cat\u00e1strofe humanit\u00e1ria para o hemisf\u00e9rio sul e um precedente perigoso para o mundo\u201d.<\/p>\n<p>As declara\u00e7\u00f5es de Lula da Silva surgem no dia a seguir ao presidente norte-americano, Donald Trump, n\u00e3o ter exclu\u00eddo a possibilidade de uma guerra contra a Venezuela: \u201cN\u00e3o, n\u00e3o excluo essa possibilidade\u201d, afirmou em entrevista \u00e0 NBC, gravada na quinta-feira e transmitida na sexta-feira.<\/p>\n<p>Na quinta-feira, Lula tinha-se mostrado disposto a servir de mediador em prol de uma \u201csolu\u00e7\u00e3o pac\u00edfica\u201d entre os Estados Unidos e a Venezuela para \u201cevitar um conflito armado na Am\u00e9rica Latina\u201d.<\/p>\n<p>Washington destacou um importante contingente militar para as Cara\u00edbas desde o ver\u00e3o e realizou uma s\u00e9rie de ataques contra embarca\u00e7\u00f5es de supostos traficantes de droga nas Cara\u00edbas e no Pac\u00edfico.<\/p>\n<p>Pelo menos 104 pessoas foram mortas nesses ataques desde o in\u00edcio das opera\u00e7\u00f5es, sem que o governo americano tenha fornecido qualquer prova de que os navios visados estivessem realmente envolvidos em qualquer tipo de tr\u00e1fico.<\/p>\n<p>Trump anunciou ainda, no in\u00edcio da semana, um \u201cbloqueio total\u201d contra petroleiros sob san\u00e7\u00f5es que se dirigissem para a Venezuela ou partissem de l\u00e1, ao mesmo tempo que tem deixado no ar, h\u00e1 semanas, a possibilidade de uma interven\u00e7\u00e3o terrestre.<\/p>\n<p>Os Estados Unidos acusam o presidente venezuelano Nicol\u00e1s Maduro de liderar uma rede de tr\u00e1fico de drogas, algo negado pelo chefe de Estado venezuelano.<\/p>\n<p>A cimeira do Mercosul decorre neste s\u00e1bado em Foz do Igua\u00e7u e assinala a passagem de testemunho do Brasil para o Paraguai, frustrada que est\u00e1 a possibilidade de assinatura do acordo comercial com a Uni\u00e3o Europeia.<\/p>\n","protected":false},"excerpt":{"rendered":"O\u00a0 presidente do Brasil, Lula da Silva, alertou neste s\u00e1bado, durante a interven\u00e7\u00e3o na abertura da cimeira do&hellip;\n","protected":false},"author":2,"featured_media":196962,"comment_status":"","ping_status":"","sticky":false,"template":"","format":"standard","meta":{"footnotes":""},"categories":[50],"tags":[624,726,27,28,623,15,16,14,25,26,21,22,62,12,13,19,20,23,24,17,18,29,30,31,3023,63,64,65],"class_list":{"0":"post-196961","1":"post","2":"type-post","3":"status-publish","4":"format-standard","5":"has-post-thumbnail","7":"category-mundo","8":"tag-amu00e9rica","9":"tag-brasil","10":"tag-breaking-news","11":"tag-breakingnews","12":"tag-estados-unidos-da-amu00e9rica","13":"tag-featured-news","14":"tag-featurednews","15":"tag-headlines","16":"tag-latest-news","17":"tag-latestnews","18":"tag-main-news","19":"tag-mainnews","20":"tag-mundo","21":"tag-news","22":"tag-noticias","23":"tag-noticias-principais","24":"tag-noticiasprincipais","25":"tag-principais-noticias","26":"tag-principaisnoticias","27":"tag-top-stories","28":"tag-topstories","29":"tag-ultimas","30":"tag-ultimas-noticias","31":"tag-ultimasnoticias","32":"tag-venezuela","33":"tag-world","34":"tag-world-news","35":"tag-worldnews"},"share_on_mastodon":{"url":"https:\/\/pubeurope.com\/@pt\/115757285570340031","error":""},"_links":{"self":[{"href":"https:\/\/www.europesays.com\/pt\/wp-json\/wp\/v2\/posts\/196961","targetHints":{"allow":["GET"]}}],"collection":[{"href":"https:\/\/www.europesays.com\/pt\/wp-json\/wp\/v2\/posts"}],"about":[{"href":"https:\/\/www.europesays.com\/pt\/wp-json\/wp\/v2\/types\/post"}],"author":[{"embeddable":true,"href":"https:\/\/www.europesays.com\/pt\/wp-json\/wp\/v2\/users\/2"}],"replies":[{"embeddable":true,"href":"https:\/\/www.europesays.com\/pt\/wp-json\/wp\/v2\/comments?post=196961"}],"version-history":[{"count":0,"href":"https:\/\/www.europesays.com\/pt\/wp-json\/wp\/v2\/posts\/196961\/revisions"}],"wp:featuredmedia":[{"embeddable":true,"href":"https:\/\/www.europesays.com\/pt\/wp-json\/wp\/v2\/media\/196962"}],"wp:attachment":[{"href":"https:\/\/www.europesays.com\/pt\/wp-json\/wp\/v2\/media?parent=196961"}],"wp:term":[{"taxonomy":"category","embeddable":true,"href":"https:\/\/www.europesays.com\/pt\/wp-json\/wp\/v2\/categories?post=196961"},{"taxonomy":"post_tag","embeddable":true,"href":"https:\/\/www.europesays.com\/pt\/wp-json\/wp\/v2\/tags?post=196961"}],"curies":[{"name":"wp","href":"https:\/\/api.w.org\/{rel}","templated":true}]}}