{"id":196987,"date":"2025-12-21T11:53:08","date_gmt":"2025-12-21T11:53:08","guid":{"rendered":"https:\/\/www.europesays.com\/pt\/196987\/"},"modified":"2025-12-21T11:53:08","modified_gmt":"2025-12-21T11:53:08","slug":"natal-luxo-e-charme-atraem-portugueses-e-estrangeiros-aos-hoteis","status":"publish","type":"post","link":"https:\/\/www.europesays.com\/pt\/196987\/","title":{"rendered":"Natal: luxo e charme atraem portugueses e estrangeiros aos hot\u00e9is"},"content":{"rendered":"<p data-remotead-prev-elm=\"true\" data-remotead-elm-id=\"inread\">Apesar da procura por hot\u00e9is ser mais contida no Natal do que na passagem de ano, grande parte dos quartos est\u00e1 reservada na noite de 24 para 25 de dezembro. &#8220;No Porto, as taxas de ocupa\u00e7\u00e3o para a noite de Natal variam bastante, refletindo realidades distintas consoante o tipo de unidade e o seu posicionamento no mercado. Entre os segmentos mais procurados destacam-se os hot\u00e9is de luxo e os hot\u00e9is de charme, que beneficiam da procura por experi\u00eancias diferenciadas nesta quadra, com valores de ocupa\u00e7\u00e3o a rondar os 85%&#8221;, garante a Associa\u00e7\u00e3o Portuguesa de Hotelaria, Restaura\u00e7\u00e3o e Turismo (APHORT).<\/p>\n","protected":false},"excerpt":{"rendered":"Apesar da procura por hot\u00e9is ser mais contida no Natal do que na passagem de ano, grande parte&hellip;\n","protected":false},"author":2,"featured_media":196988,"comment_status":"","ping_status":"","sticky":false,"template":"","format":"standard","meta":{"footnotes":""},"categories":[83],"tags":[88,20018,39322,89,90,6395,7561,32,33],"class_list":{"0":"post-196987","1":"post","2":"type-post","3":"status-publish","4":"format-standard","5":"has-post-thumbnail","7":"category-empresas","8":"tag-business","9":"tag-concelho-porto","10":"tag-consoada","11":"tag-economy","12":"tag-empresas","13":"tag-hoteis","14":"tag-natal","15":"tag-portugal","16":"tag-pt"},"share_on_mastodon":{"url":"https:\/\/pubeurope.com\/@pt\/115757423216041880","error":""},"_links":{"self":[{"href":"https:\/\/www.europesays.com\/pt\/wp-json\/wp\/v2\/posts\/196987","targetHints":{"allow":["GET"]}}],"collection":[{"href":"https:\/\/www.europesays.com\/pt\/wp-json\/wp\/v2\/posts"}],"about":[{"href":"https:\/\/www.europesays.com\/pt\/wp-json\/wp\/v2\/types\/post"}],"author":[{"embeddable":true,"href":"https:\/\/www.europesays.com\/pt\/wp-json\/wp\/v2\/users\/2"}],"replies":[{"embeddable":true,"href":"https:\/\/www.europesays.com\/pt\/wp-json\/wp\/v2\/comments?post=196987"}],"version-history":[{"count":0,"href":"https:\/\/www.europesays.com\/pt\/wp-json\/wp\/v2\/posts\/196987\/revisions"}],"wp:featuredmedia":[{"embeddable":true,"href":"https:\/\/www.europesays.com\/pt\/wp-json\/wp\/v2\/media\/196988"}],"wp:attachment":[{"href":"https:\/\/www.europesays.com\/pt\/wp-json\/wp\/v2\/media?parent=196987"}],"wp:term":[{"taxonomy":"category","embeddable":true,"href":"https:\/\/www.europesays.com\/pt\/wp-json\/wp\/v2\/categories?post=196987"},{"taxonomy":"post_tag","embeddable":true,"href":"https:\/\/www.europesays.com\/pt\/wp-json\/wp\/v2\/tags?post=196987"}],"curies":[{"name":"wp","href":"https:\/\/api.w.org\/{rel}","templated":true}]}}