{"id":197011,"date":"2025-12-21T12:18:08","date_gmt":"2025-12-21T12:18:08","guid":{"rendered":"https:\/\/www.europesays.com\/pt\/197011\/"},"modified":"2025-12-21T12:18:08","modified_gmt":"2025-12-21T12:18:08","slug":"medico-revela-o-suplemento-com-maior-potencial-de-controlar-a-glicose","status":"publish","type":"post","link":"https:\/\/www.europesays.com\/pt\/197011\/","title":{"rendered":"M\u00e9dico revela o suplemento com maior potencial de controlar a glicose"},"content":{"rendered":"<p>Segundo Wandyk, essa mol\u00e9cula reduz a gliconeog\u00eanese, que \u00e9 a produ\u00e7\u00e3o de glicose a partir de subst\u00e2ncias que n\u00e3o s\u00e3o carboidratos.\u00a0<\/p>\n<p><strong id=\"docs-internal-guid-c2143e4d-7fff-2f6b-64c2-d0a03fde1163\">Outras vantagens<\/strong><\/p>\n<p>Outros pontos positivos do consumo de berberina \u00e9 o aumento da sensibilidade do corpo \u00e0 glicose e o est\u00edmulo de convers\u00e3o da gordura em energia, o que tamb\u00e9m pode auxiliar no emagrecimento, afirma Wandyk.<\/p>\n<p>\u201c\u00c9 exatamente esse mecanismo que lembra o efeito da metformina, medicamento oral usado por pacientes para controlar o diabetes tipo 2\u201d, detalha o especialista. O suplemento diminui a atividade das vias que produzem glicose no f\u00edgado: \u201cmenos a\u00e7\u00facar sendo jogado na corrente sangu\u00ednea ao longo do dia\u201d.<\/p>\n","protected":false},"excerpt":{"rendered":"Segundo Wandyk, essa mol\u00e9cula reduz a gliconeog\u00eanese, que \u00e9 a produ\u00e7\u00e3o de glicose a partir de subst\u00e2ncias que&hellip;\n","protected":false},"author":2,"featured_media":197012,"comment_status":"","ping_status":"","sticky":false,"template":"","format":"standard","meta":{"footnotes":""},"categories":[86],"tags":[547,116,32,33,117,10426],"class_list":{"0":"post-197011","1":"post","2":"type-post","3":"status-publish","4":"format-standard","5":"has-post-thumbnail","7":"category-saude","8":"tag-alimentacao-saudavel","9":"tag-health","10":"tag-portugal","11":"tag-pt","12":"tag-saude","13":"tag-terceira-idade"},"share_on_mastodon":{"url":"https:\/\/pubeurope.com\/@pt\/115757521534641732","error":""},"_links":{"self":[{"href":"https:\/\/www.europesays.com\/pt\/wp-json\/wp\/v2\/posts\/197011","targetHints":{"allow":["GET"]}}],"collection":[{"href":"https:\/\/www.europesays.com\/pt\/wp-json\/wp\/v2\/posts"}],"about":[{"href":"https:\/\/www.europesays.com\/pt\/wp-json\/wp\/v2\/types\/post"}],"author":[{"embeddable":true,"href":"https:\/\/www.europesays.com\/pt\/wp-json\/wp\/v2\/users\/2"}],"replies":[{"embeddable":true,"href":"https:\/\/www.europesays.com\/pt\/wp-json\/wp\/v2\/comments?post=197011"}],"version-history":[{"count":0,"href":"https:\/\/www.europesays.com\/pt\/wp-json\/wp\/v2\/posts\/197011\/revisions"}],"wp:featuredmedia":[{"embeddable":true,"href":"https:\/\/www.europesays.com\/pt\/wp-json\/wp\/v2\/media\/197012"}],"wp:attachment":[{"href":"https:\/\/www.europesays.com\/pt\/wp-json\/wp\/v2\/media?parent=197011"}],"wp:term":[{"taxonomy":"category","embeddable":true,"href":"https:\/\/www.europesays.com\/pt\/wp-json\/wp\/v2\/categories?post=197011"},{"taxonomy":"post_tag","embeddable":true,"href":"https:\/\/www.europesays.com\/pt\/wp-json\/wp\/v2\/tags?post=197011"}],"curies":[{"name":"wp","href":"https:\/\/api.w.org\/{rel}","templated":true}]}}