{"id":197029,"date":"2025-12-21T12:39:07","date_gmt":"2025-12-21T12:39:07","guid":{"rendered":"https:\/\/www.europesays.com\/pt\/197029\/"},"modified":"2025-12-21T12:39:07","modified_gmt":"2025-12-21T12:39:07","slug":"queiroz-faz-denuncia-orgulhosos-de-voces-senhor-presidente-e-primeiro-ministro","status":"publish","type":"post","link":"https:\/\/www.europesays.com\/pt\/197029\/","title":{"rendered":"Queiroz faz den\u00fancia: \u00abOrgulhosos de voc\u00eas, senhor Presidente e primeiro-ministro\u00bb"},"content":{"rendered":"<p>Carlos Queiroz recorreu \u00e0s redes sociais para denunciar a confus\u00e3o que encontrou no Aeroporto Humberto Delgado, mais concretamente na zona de controlo de passaportes.<\/p>\n<p>\u00abEsta \u00e9 a forma como Portugal recebe os visitantes, os turistas, as fam\u00edlias e as crian\u00e7as em Lisboa no Natal. Um presente de Natal de Portugal &#8211; parab\u00e9ns\u00bb, come\u00e7ou por escrever num texto acompanhado por um v\u00eddeo e fotos com filas gigantes e pessoas (entre elas crian\u00e7as) sentadas no ch\u00e3o.<\/p>\n<p>\u00abEstamos orgulhosos de voc\u00eas, senhor Presidente e primeiro-ministro\u00bb, rematou o atual selecionador de Om\u00e3.<\/p>\n<p>Nos \u00faltimos dias t\u00eam-se multiplicado den\u00fancias sobre contrangimentos no funcionamento dos servi\u00e7os do aeroporto de Lisboa.<\/p>\n<blockquote class=\"instagram-media\" data-instgrm-captioned=\"\" data-instgrm-permalink=\"https:\/\/www.instagram.com\/p\/DSH6p1kjDVB\/?utm_source=ig_embed&amp;utm_campaign=loading\" data-instgrm-version=\"14\" style=\" background:#FFF; border:0; border-radius:3px; box-shadow:0 0 1px 0 rgba(0,0,0,0.5),0 1px 10px 0 rgba(0,0,0,0.15); margin: 1px; max-width:540px; min-width:326px; padding:0; width:99.375%; width:-webkit-calc(100% - 2px); width:calc(100% - 2px);\">\n<\/blockquote>\n<p>                                <script async src=\"\/\/www.instagram.com\/embed.js\"><\/script><\/p>\n","protected":false},"excerpt":{"rendered":"Carlos Queiroz recorreu \u00e0s redes sociais para denunciar a confus\u00e3o que encontrou no Aeroporto Humberto Delgado, mais concretamente&hellip;\n","protected":false},"author":2,"featured_media":197030,"comment_status":"","ping_status":"","sticky":false,"template":"","format":"standard","meta":{"footnotes":""},"categories":[8],"tags":[2233,27,28,24936,15,16,14,4238,25,26,21,22,46,12,13,19,20,32,23,24,33,47,17,18,29,30,31],"class_list":{"0":"post-197029","1":"post","2":"type-post","3":"status-publish","4":"format-standard","5":"has-post-thumbnail","7":"category-principais-noticias","8":"tag-aeroporto-humberto-delgado","9":"tag-breaking-news","10":"tag-breakingnews","11":"tag-carlos-queiroz","12":"tag-featured-news","13":"tag-featurednews","14":"tag-headlines","15":"tag-incrivel","16":"tag-latest-news","17":"tag-latestnews","18":"tag-main-news","19":"tag-mainnews","20":"tag-maisfutebol","21":"tag-news","22":"tag-noticias","23":"tag-noticias-principais","24":"tag-noticiasprincipais","25":"tag-portugal","26":"tag-principais-noticias","27":"tag-principaisnoticias","28":"tag-pt","29":"tag-pura-paixao","30":"tag-top-stories","31":"tag-topstories","32":"tag-ultimas","33":"tag-ultimas-noticias","34":"tag-ultimasnoticias"},"share_on_mastodon":{"url":"https:\/\/pubeurope.com\/@pt\/115757604269643040","error":""},"_links":{"self":[{"href":"https:\/\/www.europesays.com\/pt\/wp-json\/wp\/v2\/posts\/197029","targetHints":{"allow":["GET"]}}],"collection":[{"href":"https:\/\/www.europesays.com\/pt\/wp-json\/wp\/v2\/posts"}],"about":[{"href":"https:\/\/www.europesays.com\/pt\/wp-json\/wp\/v2\/types\/post"}],"author":[{"embeddable":true,"href":"https:\/\/www.europesays.com\/pt\/wp-json\/wp\/v2\/users\/2"}],"replies":[{"embeddable":true,"href":"https:\/\/www.europesays.com\/pt\/wp-json\/wp\/v2\/comments?post=197029"}],"version-history":[{"count":0,"href":"https:\/\/www.europesays.com\/pt\/wp-json\/wp\/v2\/posts\/197029\/revisions"}],"wp:featuredmedia":[{"embeddable":true,"href":"https:\/\/www.europesays.com\/pt\/wp-json\/wp\/v2\/media\/197030"}],"wp:attachment":[{"href":"https:\/\/www.europesays.com\/pt\/wp-json\/wp\/v2\/media?parent=197029"}],"wp:term":[{"taxonomy":"category","embeddable":true,"href":"https:\/\/www.europesays.com\/pt\/wp-json\/wp\/v2\/categories?post=197029"},{"taxonomy":"post_tag","embeddable":true,"href":"https:\/\/www.europesays.com\/pt\/wp-json\/wp\/v2\/tags?post=197029"}],"curies":[{"name":"wp","href":"https:\/\/api.w.org\/{rel}","templated":true}]}}