{"id":197032,"date":"2025-12-21T12:43:10","date_gmt":"2025-12-21T12:43:10","guid":{"rendered":"https:\/\/www.europesays.com\/pt\/197032\/"},"modified":"2025-12-21T12:43:10","modified_gmt":"2025-12-21T12:43:10","slug":"exclusivo-terra-forte-flor-esta-fora-de-perigo-e-de-regresso-a-casa-novelas","status":"publish","type":"post","link":"https:\/\/www.europesays.com\/pt\/197032\/","title":{"rendered":"Exclusivo \u00abTerra Forte\u00bb: Flor est\u00e1 fora de perigo e de regresso a casa &#8211; Novelas"},"content":{"rendered":"<p>Em \u00abTerra Forte\u00bb, <a href=\"https:\/\/tvi.iol.pt\/novelas\/videos\/terra-forte-no-dia-do-seu-aniversario-flor-recebe-uma-visita-inesperada\/68f65c7a0cf29d28d82976c8\" rel=\"nofollow noopener\" target=\"_blank\">Flor (Benedita Pereira)<\/a>\u00a0chega a casa com <a href=\"https:\/\/tvi.iol.pt\/novelas\/videos\/terra-forte-emocionante-antonio-e-flor-trocam-juras-de-amor\/68f7b89d0cf29d28d8297a77\" rel=\"nofollow noopener\" target=\"_blank\">Ant\u00f3nio (Jo\u00e3o Catarr\u00e9)<\/a>\u00a0, Jos\u00e9 (Paulo Calatr\u00e9) e Carla (Marina Albuquerque). Susette (In\u00eas Faria), Leumi (Cassiano Carneiro), Magui (Matilde Serrasqueiro), <a href=\"https:\/\/tvi.iol.pt\/novelas\/videos\/terra-forte-rosinha-salva-a-vida-de-dudu\/68f61d030cf29d28d8297586\" rel=\"nofollow noopener\" target=\"_blank\">Rosinha (Francisca Salgado<\/a>) e <a href=\"https:\/\/tvi.iol.pt\/novelas\/ator\/rosa-maria\/68ee586ed34e58bc6796e114\" rel=\"nofollow noopener\" target=\"_blank\">Rosa Maria (Cust\u00f3dia Gallego)<\/a> esperam-na, com as filhas a abra\u00e7arem felizes a m\u00e3e. Flor sorri enternecida.<\/p>\n<p>\u00a0Flor levanta-se a custo da cadeira-de-rodas. Rosa Maria diz-lhe que Maria de F\u00e1tima teve de ir \u00e0 A\u00e7oreana por ter de contratar um novo assistente. Dudu vem de dentro com Dani, trocando um olhar com Rosinha. Flor repara. Flor pergunta por <a href=\"https:\/\/tvi.iol.pt\/novelas\/videos\/terra-forte-sammy-fica-sem-chao-ao-descobrir-que-flor-e-a-mae-de-rosinha\/68f7b83e0cf29d28d8297a75\" rel=\"nofollow noopener\" target=\"_blank\">Sammy (Jos\u00e9 Fidalgo)<\/a>, deixando Ant\u00f3nio muito incomodado. Flor disfar\u00e7a rapidamente que n\u00e3o queria nada dele, beijando Ant\u00f3nio para amenizar. Fica um ambiente tenso. Leumi diz a Susette que o ambiente l\u00e1 em casa est\u00e1 ao rubro por Flor n\u00e3o ter resistido a perguntar por Sammy, o que deixou Ant\u00f3nio notoriamente preocupado. Ambos concordam que Flor tem um grande dilema pela frente por poder ainda amar Sammy, mas ter constitu\u00eddo uma fam\u00edlia feliz com Ant\u00f3nio e estar visivelmente bem com ele.<\/p>\n<p>Todos contam divertidos a Flor que Rosinha e Magui se mudaram para o quarto dela enquanto esteve fora para Ant\u00f3nio n\u00e3o sentir tanto a falta dela. Dudu d\u00e1 a m\u00e3o a Rosinha a dizer ser por aquelas atitudes que gosta tanto dela. Flor fica a olh\u00e1-los muito s\u00e9ria.<\/p>\n<p>\u00a0Dani d\u00e1 a m\u00e3o tamb\u00e9m a Rosinha para disfar\u00e7ar o deslize de Dudu com ela. Flor permanece desconfiada. <a href=\"https:\/\/tvi.iol.pt\/novelas\/videos\/terra-forte-maria-de-fatima-e-manuel-tinham-um-caso\/68f65cdc0cf29d28d82976cb\" rel=\"nofollow noopener\" target=\"_blank\">Maria de F\u00e1tima (Rita Pereira)<\/a>\u00a0chega e vai abra\u00e7ar de imediato Flor. Sorriem com cumplicidade uma para a outra. Carla diz a Flor que ela \u00e9 mesmo protegida, conseguindo ver pela aura dela isso, dizendo que ela \u00e9 bem azulada. Maria de F\u00e1tima pergunta a Carla de que cor \u00e9 a sua, Carla disfar\u00e7a n\u00e3o estar a conseguir ver bem, todos sorriem. Ant\u00f3nio pede aos jovens que v\u00e3o com ele \u00e0 biblioteca. Maria de F\u00e1tima diz a Flor terem de falar sobre o dinheiro da fam\u00edlia. Maria de F\u00e1tima insiste com Flor querer tratar j\u00e1 de fazer as partilhas com ela por o acidente dela lhe ter feito ver como a vida \u00e9 fr\u00e1gil, argumentando que alguma coisa pode acontecer a alguma delas e ser melhor que os filhos delas um dia n\u00e3o entrem em guerras. Flor acaba por concordar. Maria de F\u00e1tima diz a Flor querer dividir tudo igualitariamente com ela, podendo pedir ao advogado para tratar dos pap\u00e9is se ela estiver de acordo. Flor assente, ficando sem palavras quando v\u00ea Sammy a chegar. Sammy vai beijar Maria de F\u00e1tima de imediato para disfar\u00e7ar o momento. Maria de F\u00e1tima fica desconfiada. Sammy diz que Flor precisa agora de paz e amor na sua vida depois do acidente que teve, Maria de F\u00e1tima olha-o desconfiada. Maria de F\u00e1tima diz \u00e0 fam\u00edlia querer que o acidente de Flor sirva para come\u00e7arem uma nova etapa nas vidas deles, passando a serem uma \u00fanica fam\u00edlia, todos concordam. Maria de F\u00e1tima revela \u00e0 irm\u00e3 que v\u00e3o dar um passeio no seu iate, o Fatinha, para comemorar a recupera\u00e7\u00e3o dela.<\/p>\n<p>Relembre o primeiro sinal da recupera\u00e7\u00e3o de Flor:<\/p>\n","protected":false},"excerpt":{"rendered":"Em \u00abTerra Forte\u00bb, Flor (Benedita Pereira)\u00a0chega a casa com Ant\u00f3nio (Jo\u00e3o Catarr\u00e9)\u00a0, Jos\u00e9 (Paulo Calatr\u00e9) e Carla (Marina&hellip;\n","protected":false},"author":2,"featured_media":197033,"comment_status":"","ping_status":"","sticky":false,"template":"","format":"standard","meta":{"footnotes":""},"categories":[142],"tags":[160,7951,166,114,115,157,167,978,164,8598,161,158,165,159,32,33,156,5871,18614,163,151,162],"class_list":{"0":"post-197032","1":"post","2":"type-post","3":"status-publish","4":"format-standard","5":"has-post-thumbnail","7":"category-tv","8":"tag-ana-guiomar","9":"tag-benedita-pereira","10":"tag-cristina-ferreira","11":"tag-entertainment","12":"tag-entretenimento","13":"tag-festa-e-festa","14":"tag-ficcao","15":"tag-flor","16":"tag-jose-fidalgo","17":"tag-maria-de-fatima","18":"tag-novelas","19":"tag-para-sempre","20":"tag-pedro-sousa","21":"tag-pedro-teixeira","22":"tag-portugal","23":"tag-pt","24":"tag-queridos-papas","25":"tag-rita-pereira","26":"tag-terra-forte","27":"tag-tiago-teotonio-pereira","28":"tag-tv","29":"tag-tvi"},"share_on_mastodon":{"url":"https:\/\/pubeurope.com\/@pt\/115757619843573958","error":""},"_links":{"self":[{"href":"https:\/\/www.europesays.com\/pt\/wp-json\/wp\/v2\/posts\/197032","targetHints":{"allow":["GET"]}}],"collection":[{"href":"https:\/\/www.europesays.com\/pt\/wp-json\/wp\/v2\/posts"}],"about":[{"href":"https:\/\/www.europesays.com\/pt\/wp-json\/wp\/v2\/types\/post"}],"author":[{"embeddable":true,"href":"https:\/\/www.europesays.com\/pt\/wp-json\/wp\/v2\/users\/2"}],"replies":[{"embeddable":true,"href":"https:\/\/www.europesays.com\/pt\/wp-json\/wp\/v2\/comments?post=197032"}],"version-history":[{"count":0,"href":"https:\/\/www.europesays.com\/pt\/wp-json\/wp\/v2\/posts\/197032\/revisions"}],"wp:featuredmedia":[{"embeddable":true,"href":"https:\/\/www.europesays.com\/pt\/wp-json\/wp\/v2\/media\/197033"}],"wp:attachment":[{"href":"https:\/\/www.europesays.com\/pt\/wp-json\/wp\/v2\/media?parent=197032"}],"wp:term":[{"taxonomy":"category","embeddable":true,"href":"https:\/\/www.europesays.com\/pt\/wp-json\/wp\/v2\/categories?post=197032"},{"taxonomy":"post_tag","embeddable":true,"href":"https:\/\/www.europesays.com\/pt\/wp-json\/wp\/v2\/tags?post=197032"}],"curies":[{"name":"wp","href":"https:\/\/api.w.org\/{rel}","templated":true}]}}