{"id":197040,"date":"2025-12-21T12:54:10","date_gmt":"2025-12-21T12:54:10","guid":{"rendered":"https:\/\/www.europesays.com\/pt\/197040\/"},"modified":"2025-12-21T12:54:10","modified_gmt":"2025-12-21T12:54:10","slug":"adeptos-do-besiktas-nao-perdoam-rafa-silva-nas-redes-sociais","status":"publish","type":"post","link":"https:\/\/www.europesays.com\/pt\/197040\/","title":{"rendered":"Adeptos do Besiktas n\u00e3o perdoam Rafa Silva nas redes sociais"},"content":{"rendered":"<p>Menos de 24 horas depois do reaparecimento de <a class=\"autolink-enabled\" data-resource-id=\"8354\" data-resource-type=\"player\" data-sport=\"football\" href=\"https:\/\/www.abola.pt\/futebol\/jogador\/rafa-silva-8354\" rel=\"nofollow noopener\" target=\"_blank\">Rafa Silva<\/a> nas op\u00e7\u00f5es do <a class=\"autolink-enabled\" data-resource-id=\"521\" data-resource-type=\"team\" data-sport=\"football\" href=\"https:\/\/www.abola.pt\/futebol\/besiktas-521\" rel=\"nofollow noopener\" target=\"_blank\">Besiktas<\/a>, regressado aos convocados de Sergen Yal\u00e7in para o jogo deste s\u00e1bado com o Rizespor ap\u00f3s a pol\u00e9mica das \u00faltimas semanas, multiplicam-se as cr\u00edticas dos adeptos do emblema de Istambul ao avan\u00e7ado portugu\u00eas.<\/p>\n<p>As imagens de Rafa durante o per\u00edodo de aquecimento, de m\u00e3os nos bolsos, bem como os assobios dos adeptos, tiveram como ep\u00edlogo as declara\u00e7\u00f5es de Yal\u00e7in no final do jogo, arrasando o jogador e a atitude deste nos treinos, que considerou ser \u00abzero\u00bb. <\/p>\n<p>Rafa tamb\u00e9m foi visado por no final do jogo n\u00e3o ter ficado no relvado a celebrar a vit\u00f3ria dos companheiros por 1-0, tendo recolhido de imediato aos balne\u00e1rios.<\/p>\n<p>As imagens do aquecimento viralizaram nas redes sociais e contribu\u00edram para alimentar a fogueira das cr\u00edticas aos jogador, que parece estar agora num beco sem sa\u00edda.<\/p>\n<p>O presidente do emblema turco j\u00e1 deixou claro que n\u00e3o deixar\u00e1 sair <a target=\"_blank\" class=\"editor-link autolink-enabled\" href=\"https:\/\/www.abola.pt\/futebol\/jogador\/rafa-silva-8354\" data-resource-id=\"8354\" data-resource-type=\"player\" data-sport=\"football\" rel=\"nofollow noopener\">Rafa Silva<\/a> sem compensa\u00e7\u00e3o financeira, contexto que poder\u00e1 obstar ao regresso do jogador ao <a target=\"_blank\" class=\"editor-link autolink-enabled\" href=\"https:\/\/www.abola.pt\/futebol\/benfica-450\" data-resource-id=\"450\" data-resource-type=\"team\" data-sport=\"football\" rel=\"nofollow noopener\">Benfica<\/a>, uma vez que as \u00e1guias s\u00f3 admitem a concretiza\u00e7\u00e3o desse cen\u00e1rio se Rafa conseguir a desvincula\u00e7\u00e3o a custo zero. E com as posi\u00e7\u00f5es entre as partes a extremarem-se toda a situa\u00e7\u00e3o promete continuar a fazer correr muita tinta ao longo das pr\u00f3ximas semanas.<\/p>\n","protected":false},"excerpt":{"rendered":"Menos de 24 horas depois do reaparecimento de Rafa Silva nas op\u00e7\u00f5es do Besiktas, regressado aos convocados de&hellip;\n","protected":false},"author":2,"featured_media":197041,"comment_status":"","ping_status":"","sticky":false,"template":"","format":"standard","meta":{"footnotes":""},"categories":[8],"tags":[27,28,15,16,14,25,26,21,22,12,13,19,20,32,23,24,33,17,18,29,30,31],"class_list":{"0":"post-197040","1":"post","2":"type-post","3":"status-publish","4":"format-standard","5":"has-post-thumbnail","7":"category-principais-noticias","8":"tag-breaking-news","9":"tag-breakingnews","10":"tag-featured-news","11":"tag-featurednews","12":"tag-headlines","13":"tag-latest-news","14":"tag-latestnews","15":"tag-main-news","16":"tag-mainnews","17":"tag-news","18":"tag-noticias","19":"tag-noticias-principais","20":"tag-noticiasprincipais","21":"tag-portugal","22":"tag-principais-noticias","23":"tag-principaisnoticias","24":"tag-pt","25":"tag-top-stories","26":"tag-topstories","27":"tag-ultimas","28":"tag-ultimas-noticias","29":"tag-ultimasnoticias"},"share_on_mastodon":{"url":"https:\/\/pubeurope.com\/@pt\/115757663192488432","error":""},"_links":{"self":[{"href":"https:\/\/www.europesays.com\/pt\/wp-json\/wp\/v2\/posts\/197040","targetHints":{"allow":["GET"]}}],"collection":[{"href":"https:\/\/www.europesays.com\/pt\/wp-json\/wp\/v2\/posts"}],"about":[{"href":"https:\/\/www.europesays.com\/pt\/wp-json\/wp\/v2\/types\/post"}],"author":[{"embeddable":true,"href":"https:\/\/www.europesays.com\/pt\/wp-json\/wp\/v2\/users\/2"}],"replies":[{"embeddable":true,"href":"https:\/\/www.europesays.com\/pt\/wp-json\/wp\/v2\/comments?post=197040"}],"version-history":[{"count":0,"href":"https:\/\/www.europesays.com\/pt\/wp-json\/wp\/v2\/posts\/197040\/revisions"}],"wp:featuredmedia":[{"embeddable":true,"href":"https:\/\/www.europesays.com\/pt\/wp-json\/wp\/v2\/media\/197041"}],"wp:attachment":[{"href":"https:\/\/www.europesays.com\/pt\/wp-json\/wp\/v2\/media?parent=197040"}],"wp:term":[{"taxonomy":"category","embeddable":true,"href":"https:\/\/www.europesays.com\/pt\/wp-json\/wp\/v2\/categories?post=197040"},{"taxonomy":"post_tag","embeddable":true,"href":"https:\/\/www.europesays.com\/pt\/wp-json\/wp\/v2\/tags?post=197040"}],"curies":[{"name":"wp","href":"https:\/\/api.w.org\/{rel}","templated":true}]}}