{"id":197056,"date":"2025-12-21T13:12:56","date_gmt":"2025-12-21T13:12:56","guid":{"rendered":"https:\/\/www.europesays.com\/pt\/197056\/"},"modified":"2025-12-21T13:12:56","modified_gmt":"2025-12-21T13:12:56","slug":"na-reta-final-da-novela-elenco-de-dona-de-mim-se-reune-em-festa-fotos","status":"publish","type":"post","link":"https:\/\/www.europesays.com\/pt\/197056\/","title":{"rendered":"Na reta final da novela, elenco de Dona de Mim se re\u00fane em festa; fotos"},"content":{"rendered":"<p>O clima de \u201cmiss\u00e3o cumprida\u201d tomou conta dos bastidores de <a href=\"https:\/\/caras.com.br\/tags\/dona-de-mim\" rel=\"nofollow noopener\" target=\"_blank\">Dona de Mim<\/a>. Na noite desta sexta-feira, 19 de dezembro, o elenco e a equipe t\u00e9cnica da novela das sete se reuniram em uma celebra\u00e7\u00e3o no Rio de Janeiro para brindar o sucesso da trama e marcar o encerramento dos trabalhos de est\u00fadio.<\/p>\n<p>Com o desfecho previsto para ir ao ar na segunda semana de janeiro, os atores aproveitaram a folga nas grava\u00e7\u00f5es decisivas para celebrar os la\u00e7os criados ao longo do \u00faltimo ano.<\/p>\n<p> Protagonismo e amizade fora das telas <\/p>\n<p>A protagonista <a href=\"https:\/\/caras.com.br\/tags\/clara-moneke\" rel=\"nofollow noopener\" target=\"_blank\"><strong>Clara Moneke<\/strong><\/a>, que deu vida a <strong>Leona<\/strong>, foi o centro das aten\u00e7\u00f5es. A atriz celebrou 27 anos recentemente e arrasou no look!<\/p>\n<p>Quem tamb\u00e9m roubou a cena foi <strong>Camila Pitanga<\/strong>. Int\u00e9rprete da controversa <strong>Ellen<\/strong>, a atriz mostrou que a rivalidade com Leo fica apenas na fic\u00e7\u00e3o: as duas posaram juntas e Camila chegou a arriscar alguns passos de samba, animando os convidados.<\/p>\n<p>\t Confira as fotos da festa do elenco de Dona de Mim: <img decoding=\"async\" src=\"https:\/\/www.europesays.com\/pt\/wp-content\/uploads\/2025\/12\/Claudia-Abreu-.jpg\" class=\"img-fluid lazy\"\/><\/p>\n<p>Cl\u00e1udia Abreu \u2013 Foto: AgNews<\/p>\n<p>    <img decoding=\"async\" src=\"https:\/\/www.europesays.com\/pt\/wp-content\/uploads\/2025\/12\/Clara-Moneke-1.jpg\" class=\"img-fluid lazy\"\/><\/p>\n<p>Clara Moneke \u2013 Foto: AgNews<\/p>\n<p>    <img decoding=\"async\" src=\"https:\/\/www.europesays.com\/pt\/wp-content\/uploads\/2025\/12\/Marcos-Pasquim-46.jpg\" class=\"img-fluid lazy\"\/><\/p>\n<p>Marcos Pasquim \u2013 Foto: AgNews<\/p>\n<p>    <img decoding=\"async\" src=\"https:\/\/www.europesays.com\/pt\/wp-content\/uploads\/2025\/12\/Flora-Camolese-48.jpg\" class=\"img-fluid lazy\"\/><\/p>\n<p>Flora Camolese \u2013 Foto: AgNews<\/p>\n<p>    <img decoding=\"async\" src=\"https:\/\/www.europesays.com\/pt\/wp-content\/uploads\/2025\/12\/Cecilia-Chancez-52.jpg\" class=\"img-fluid lazy\"\/><\/p>\n<p>Cec\u00edlia Chancez \u2013 Foto: AgNews<\/p>\n<p>    <img decoding=\"async\" src=\"https:\/\/www.europesays.com\/pt\/wp-content\/uploads\/2025\/12\/Rafael-Vitti-59.jpg\" class=\"img-fluid lazy\"\/><\/p>\n<p>Rafa Vitti \u2013 Foto: AgNews<\/p>\n<p>    <img decoding=\"async\" src=\"https:\/\/www.europesays.com\/pt\/wp-content\/uploads\/2025\/12\/Lorenzo-Reis-55.jpg\" class=\"img-fluid lazy\"\/><\/p>\n<p>Lorenzo Reis \u2013 Foto: AgNews<\/p>\n<p>    <img decoding=\"async\" src=\"https:\/\/www.europesays.com\/pt\/wp-content\/uploads\/2025\/12\/Pedro-Fernandes-.jpg\" class=\"img-fluid lazy\"\/><\/p>\n<p>Pedro Fernandes \u2013 Foto: AgNews<\/p>\n<p>    <img decoding=\"async\" src=\"https:\/\/www.europesays.com\/pt\/wp-content\/uploads\/2025\/12\/Amara-Hartmann-.jpg\" class=\"img-fluid lazy\"\/><\/p>\n<p>Amara Hartmann \u2013 Foto: AgNews<\/p>\n<p>    <img decoding=\"async\" src=\"https:\/\/www.europesays.com\/pt\/wp-content\/uploads\/2025\/12\/Vilma-Melo-1.jpg\" class=\"img-fluid lazy\"\/><\/p>\n<p>Vilma Melo \u2013 Foto: AgNews<\/p>\n<p>    <img decoding=\"async\" src=\"https:\/\/www.europesays.com\/pt\/wp-content\/uploads\/2025\/12\/Camila-Pitanga-78.jpg\" class=\"img-fluid lazy\"\/><\/p>\n<p>Camila Pitanga \u2013 Foto: AgNews<\/p>\n<p>    <img decoding=\"async\" src=\"https:\/\/www.europesays.com\/pt\/wp-content\/uploads\/2025\/12\/Aline-Borges-79.jpg\" class=\"img-fluid lazy\"\/><\/p>\n<p>Aline Borges \u2013 Foto: AgNews<\/p>\n<p>    <img decoding=\"async\" src=\"https:\/\/www.europesays.com\/pt\/wp-content\/uploads\/2025\/12\/Giovanna-Cordeiro-82.jpg\" class=\"img-fluid lazy\"\/><\/p>\n<p>Giovanna Cordeiro \u2013 Foto: AgNews<\/p>\n<p>    <img decoding=\"async\" src=\"https:\/\/www.europesays.com\/pt\/wp-content\/uploads\/2025\/12\/Humberto-Morais-87.jpg\" class=\"img-fluid lazy\"\/><\/p>\n<p>Humberto Morais \u2013 Foto: AgNews<\/p>\n<p>    <img decoding=\"async\" src=\"https:\/\/www.europesays.com\/pt\/wp-content\/uploads\/2025\/12\/Felipe-Simas-88.jpg\" class=\"img-fluid lazy\"\/><\/p>\n<p>Felipe Simas \u2013 Foto: AgNews<\/p>\n<p>    <img decoding=\"async\" src=\"https:\/\/www.europesays.com\/pt\/wp-content\/uploads\/2025\/12\/Haone-Thinar-92.jpg\" class=\"img-fluid lazy\"\/><\/p>\n<p>Haon\u00ea Thinar \u2013 Foto: AgNews<\/p>\n<p>    <img decoding=\"async\" src=\"https:\/\/www.europesays.com\/pt\/wp-content\/uploads\/2025\/12\/Giovanna-Lancellotti-.jpg\" class=\"img-fluid lazy\"\/><\/p>\n<p>Giovanna Lancellotti \u2013 Foto: AgNews<\/p>\n<p>    <img decoding=\"async\" src=\"https:\/\/www.europesays.com\/pt\/wp-content\/uploads\/2025\/12\/Juan-Paiva-99.jpg\" class=\"img-fluid lazy\"\/><\/p>\n<p>Juan Paiva \u2013 Foto: AgNews<\/p>\n<p>                        Previous<\/p>\n<p>                        Next<br \/>\n                     Por que Ellen usa bolsa de colostomia em Dona de Mim? M\u00e9dico explica o motivo <\/p>\n<p class=\"_aupe copyable-text x15bjb6t x1n2onr6\">Ellen (<a href=\"https:\/\/caras.com.br\/tags\/camila-pitanga\" rel=\"nofollow noopener\" target=\"_blank\"><strong>Camila Pitanga<\/strong><\/a>) retornou do mundo dos mortos em\u00a0Dona de Mim\u00a0e est\u00e1 movimentando a reta final da novela das sete da Globo. A autora\u00a0<strong>Rosane Svartman<\/strong>\u00a0justificou em roteiro que a personagem foi diagnosticada com c\u00e2ncer de colo de \u00fatero, mas conseguiu sobreviver gra\u00e7as ao tratamento adequado em um hospital de refer\u00eancia. A m\u00e3e de Sofia (<strong>Elis Cabral<\/strong>), no entanto, passou a usar uma bolsa de colostomia.<\/p>\n<p> Ellen usa bolsa de colostomia em Dona de Mim <\/p>\n<p class=\"_aupe copyable-text x15bjb6t x1n2onr6\">Na novela, Ellen passa a usar uma bolsa de colostomia, o que pode acontecer quando o c\u00e2ncer invade o intestino\/reto, ou seja, em casos de tumores avan\u00e7ados. A colostomia serve para desviar o tr\u00e2nsito intestinal, segundo revela o\u00a0<strong>Dr. Wesley Pereira Andrade<\/strong>, m\u00e9dico oncologista cirurgi\u00e3o e mastologista, em entrevista \u00e0\u00a0<strong>CARAS Brasil<\/strong>.<\/p>\n<p class=\"_aupe copyable-text x15bjb6t x1n2onr6\">\u201cNem sempre ela \u00e9 definitiva: em alguns casos, pode ser tempor\u00e1ria e revertida; em outros, infelizmente, pode ser permanente. Com acompanhamento adequado, muitas pacientes conseguem retomar suas atividades e qualidade de vida\u201d, explica o especialista.<\/p>\n<p> Preven\u00e7\u00e3o <\/p>\n<p class=\"_aupe copyable-text x15bjb6t x1n2onr6\">\u00c9 essencial destacar o ponto mais importante: mais importante at\u00e9 do que o diagn\u00f3stico precoce \u00e9 a preven\u00e7\u00e3o. O c\u00e2ncer de colo de \u00fatero pode ser amplamente evitado por meio de dois pilares fundamentais: a vacina\u00e7\u00e3o contra o HPV e a realiza\u00e7\u00e3o regular do exame de Papanicolau.<\/p>\n<p class=\"_aupe copyable-text x15bjb6t x1n2onr6\">\u201cA vacina impede a infec\u00e7\u00e3o pelos principais tipos de HPV, bloqueando a doen\u00e7a na sua origem. O Papanicolau identifica les\u00f5es precursoras antes mesmo de o c\u00e2ncer se desenvolver, permitindo tratamento simples e eficaz\u201d, explica.<\/p>\n<p class=\"_aupe copyable-text x15bjb6t x1n2onr6\">\u201cN\u00e3o basta apenas diagnosticar cedo \u2014 o ideal \u00e9 impedir que o c\u00e2ncer exista. Vacina\u00e7\u00e3o contra o HPV e Papanicolau salvam vidas e t\u00eam o potencial de praticamente eliminar o c\u00e2ncer de colo de \u00fatero como causa de morte entre mulheres\u201d, finaliza.<\/p>\n<p> ACOMPANHE AS <a href=\"https:\/\/www.instagram.com\/carasbrasil\/\" rel=\"nofollow noopener\" target=\"_blank\">REDES SOCIAIS<\/a> DA CARAS BRASIL E FIQUE POR DENTRO DE TUDO O QUE ACONTECE NO MUNDO DOS FAMOSOS: <\/p>\n<blockquote class=\"instagram-media\" style=\"background: #FFF; border: 0; border-radius: 3px; box-shadow: 0 0 1px 0 rgba(0,0,0,0.5),0 1px 10px 0 rgba(0,0,0,0.15); margin: 1px; max-width: 540px; min-width: 326px; padding: 0; width: calc(100% - 2px);\" data-instgrm-permalink=\"https:\/\/www.instagram.com\/p\/DSagk5Jjo2W\/?utm_source=ig_embed&amp;utm_campaign=loading\" data-instgrm-version=\"14\"><\/blockquote>\n<p>        <a href=\"https:\/\/caras.com.br\/autor\/ana-julia-resende\" rel=\"nofollow noopener\" target=\"_blank\">&#13;<br \/>\n          <img loading=\"lazy\" decoding=\"async\" alt=\"Ana Julia Resende\" src=\"https:\/\/www.europesays.com\/pt\/wp-content\/uploads\/2025\/12\/ana-julia-resende-reporter-150x150.jpeg\" class=\"avatar avatar-115 photo rounded-circle\" height=\"115\" width=\"115\"\/>        <\/a><\/p>\n<p>Ana J\u00falia Resende \u00e9 jornalista formada pela Faculdade C\u00e1sper L\u00edbero. Apaixonada pela comunica\u00e7\u00e3o e por contar boas hist\u00f3rias, escreve sobre celebridades, filmes e cultura.<\/p>\n<p>\t                                            <script async src=\"\/\/www.instagram.com\/embed.js\"><\/script><\/p>\n","protected":false},"excerpt":{"rendered":"O clima de \u201cmiss\u00e3o cumprida\u201d tomou conta dos bastidores de Dona de Mim. Na noite desta sexta-feira, 19&hellip;\n","protected":false},"author":2,"featured_media":197057,"comment_status":"","ping_status":"","sticky":false,"template":"","format":"standard","meta":{"footnotes":""},"categories":[142],"tags":[1718,114,115,161,32,33,151],"class_list":{"0":"post-197056","1":"post","2":"type-post","3":"status-publish","4":"format-standard","5":"has-post-thumbnail","7":"category-tv","8":"tag-dona-de-mim","9":"tag-entertainment","10":"tag-entretenimento","11":"tag-novelas","12":"tag-portugal","13":"tag-pt","14":"tag-tv"},"share_on_mastodon":{"url":"https:\/\/pubeurope.com\/@pt\/115757738793683133","error":""},"_links":{"self":[{"href":"https:\/\/www.europesays.com\/pt\/wp-json\/wp\/v2\/posts\/197056","targetHints":{"allow":["GET"]}}],"collection":[{"href":"https:\/\/www.europesays.com\/pt\/wp-json\/wp\/v2\/posts"}],"about":[{"href":"https:\/\/www.europesays.com\/pt\/wp-json\/wp\/v2\/types\/post"}],"author":[{"embeddable":true,"href":"https:\/\/www.europesays.com\/pt\/wp-json\/wp\/v2\/users\/2"}],"replies":[{"embeddable":true,"href":"https:\/\/www.europesays.com\/pt\/wp-json\/wp\/v2\/comments?post=197056"}],"version-history":[{"count":0,"href":"https:\/\/www.europesays.com\/pt\/wp-json\/wp\/v2\/posts\/197056\/revisions"}],"wp:featuredmedia":[{"embeddable":true,"href":"https:\/\/www.europesays.com\/pt\/wp-json\/wp\/v2\/media\/197057"}],"wp:attachment":[{"href":"https:\/\/www.europesays.com\/pt\/wp-json\/wp\/v2\/media?parent=197056"}],"wp:term":[{"taxonomy":"category","embeddable":true,"href":"https:\/\/www.europesays.com\/pt\/wp-json\/wp\/v2\/categories?post=197056"},{"taxonomy":"post_tag","embeddable":true,"href":"https:\/\/www.europesays.com\/pt\/wp-json\/wp\/v2\/tags?post=197056"}],"curies":[{"name":"wp","href":"https:\/\/api.w.org\/{rel}","templated":true}]}}