{"id":197064,"date":"2025-12-21T13:22:15","date_gmt":"2025-12-21T13:22:15","guid":{"rendered":"https:\/\/www.europesays.com\/pt\/197064\/"},"modified":"2025-12-21T13:22:15","modified_gmt":"2025-12-21T13:22:15","slug":"jogador-que-lancou-caos-em-coimbra-durante-fuga-a-policia-condenado-a-dois-anos-de-pena-suspensa","status":"publish","type":"post","link":"https:\/\/www.europesays.com\/pt\/197064\/","title":{"rendered":"Jogador que lan\u00e7ou caos em Coimbra durante fuga \u00e0 pol\u00edcia condenado a dois anos de pena suspensa"},"content":{"rendered":"<p>O futebolista de 22 anos que fugiu \u00e0 pol\u00edcia e lan\u00e7ou o caos nas ruas de Coimbra, a 12 de novembro, foi condenado a uma pena de dois anos de pris\u00e3o suspensa. A senten\u00e7a foi conhecida mais de um m\u00eas depois do caso, no Tribunal de Coimbra. O jogador, acusado dos crimes de condu\u00e7\u00e3o perigosa e resist\u00eancia e coa\u00e7\u00e3o em persegui\u00e7\u00e3o, foi ainda condenado a pagar 500 euros\u00a0de multa e est\u00e1 inibido de conduzir durante sete meses. &#8220;O que sucedeu foi uma situa\u00e7\u00e3o inimagin\u00e1vel, nem no pior filme de hollywood isto acontecia&#8221;, frisou a ju\u00edza.<\/p>\n<p>A ju\u00edza explicou ainda que o tribunal &#8220;optou pela pena de pris\u00e3o e n\u00e3o de multa para sinalizar a gravidade da situa\u00e7\u00e3o&#8221;. Foi tamb\u00e9m mencionado que o arguido, que acusou uma taxa de alcoolemia de 2,2 g\/l,&#8221;colocou em causa de forma dolosa a seguran\u00e7a de outros condutores que seguiam na via p\u00fablica&#8221;.<\/p>\n<p>No final da sess\u00e3o o jovem, que usou indevidamente a carrinha do Clube Desportivo de Santa Comba D\u00e3o para sair \u00e0 noite em Coimbra, pediu desculpa a todos os intervenientes.<\/p>\n","protected":false},"excerpt":{"rendered":"O futebolista de 22 anos que fugiu \u00e0 pol\u00edcia e lan\u00e7ou o caos nas ruas de Coimbra, a&hellip;\n","protected":false},"author":2,"featured_media":197065,"comment_status":"","ping_status":"","sticky":false,"template":"","format":"standard","meta":{"footnotes":""},"categories":[10],"tags":[27,28,15,16,14,25,26,21,22,12,13,19,20,32,23,24,33,17,18,29,30,31],"class_list":{"0":"post-197064","1":"post","2":"type-post","3":"status-publish","4":"format-standard","5":"has-post-thumbnail","7":"category-portugal","8":"tag-breaking-news","9":"tag-breakingnews","10":"tag-featured-news","11":"tag-featurednews","12":"tag-headlines","13":"tag-latest-news","14":"tag-latestnews","15":"tag-main-news","16":"tag-mainnews","17":"tag-news","18":"tag-noticias","19":"tag-noticias-principais","20":"tag-noticiasprincipais","21":"tag-portugal","22":"tag-principais-noticias","23":"tag-principaisnoticias","24":"tag-pt","25":"tag-top-stories","26":"tag-topstories","27":"tag-ultimas","28":"tag-ultimas-noticias","29":"tag-ultimasnoticias"},"share_on_mastodon":{"url":"https:\/\/pubeurope.com\/@pt\/115757773319655753","error":""},"_links":{"self":[{"href":"https:\/\/www.europesays.com\/pt\/wp-json\/wp\/v2\/posts\/197064","targetHints":{"allow":["GET"]}}],"collection":[{"href":"https:\/\/www.europesays.com\/pt\/wp-json\/wp\/v2\/posts"}],"about":[{"href":"https:\/\/www.europesays.com\/pt\/wp-json\/wp\/v2\/types\/post"}],"author":[{"embeddable":true,"href":"https:\/\/www.europesays.com\/pt\/wp-json\/wp\/v2\/users\/2"}],"replies":[{"embeddable":true,"href":"https:\/\/www.europesays.com\/pt\/wp-json\/wp\/v2\/comments?post=197064"}],"version-history":[{"count":0,"href":"https:\/\/www.europesays.com\/pt\/wp-json\/wp\/v2\/posts\/197064\/revisions"}],"wp:featuredmedia":[{"embeddable":true,"href":"https:\/\/www.europesays.com\/pt\/wp-json\/wp\/v2\/media\/197065"}],"wp:attachment":[{"href":"https:\/\/www.europesays.com\/pt\/wp-json\/wp\/v2\/media?parent=197064"}],"wp:term":[{"taxonomy":"category","embeddable":true,"href":"https:\/\/www.europesays.com\/pt\/wp-json\/wp\/v2\/categories?post=197064"},{"taxonomy":"post_tag","embeddable":true,"href":"https:\/\/www.europesays.com\/pt\/wp-json\/wp\/v2\/tags?post=197064"}],"curies":[{"name":"wp","href":"https:\/\/api.w.org\/{rel}","templated":true}]}}