{"id":197066,"date":"2025-12-21T13:23:08","date_gmt":"2025-12-21T13:23:08","guid":{"rendered":"https:\/\/www.europesays.com\/pt\/197066\/"},"modified":"2025-12-21T13:23:08","modified_gmt":"2025-12-21T13:23:08","slug":"inverno-comeca-queda-de-neve-agitacao-maritima-e-aviso-laranja-em-11-distritos-inverno","status":"publish","type":"post","link":"https:\/\/www.europesays.com\/pt\/197066\/","title":{"rendered":"Inverno come\u00e7a queda de neve, agita\u00e7\u00e3o mar\u00edtima e aviso laranja em 11 distritos | Inverno"},"content":{"rendered":"<p>Onze distritos de Portugal continental est\u00e3o este domingo sob aviso laranja, o segundo mais elevado, devido \u00e0 queda de neve e \u00e0 agita\u00e7\u00e3o mar\u00edtima, indicou o Instituto Portugu\u00eas do Mar e da Atmosfera (IPMA).<\/p>\n<p>Os distritos de Braga, Castelo Branco, Guarda, Viana do Castelo, Vila Real e Viseu est\u00e3o em alerta laranja para a queda de neve at\u00e9 \u00e0s 9 horas, prevendo-se &#8220;vias condicionadas ou interditas, danos em estruturas ou \u00e1rvores e abastecimentos locais prejudicados&#8221;, de acordo com um comunicado do IPMA. Na <a href=\"https:\/\/www.publico.pt\/2025\/12\/18\/fugas\/noticia\/ja-esquia-serra-estrela-estancia-abriu-tres-pistas-2158592\" rel=\"nofollow noopener\" target=\"_blank\">Serra da Estrela<\/a>, pintada de branco, todos os acessos aos pontos mais altos est\u00e3o, de acordo com a SIC Not\u00edcias, cortados.<\/p>\n<p>Na nota, o IPMA estende ainda o alerta laranja para agita\u00e7\u00e3o mar\u00edtima em sete distritos, estando este agora em vigor at\u00e9 \u00e0s 12 horas deste domingo.<\/p>\n<p>Aveiro, Braga, Coimbra, Leiria, Lisboa, Porto e Viana do Castelo est\u00e3o todos com previs\u00e3o de &#8220;ondas de noroeste com cinco a seis metros e altura m\u00e1xima de 10 metros&#8221;.<\/p>\n<p>O aviso laranja \u00e9 emitido pelo IPMA sempre que existe &#8220;situa\u00e7\u00e3o meteorol\u00f3gica de risco moderado a elevado, e o amarelo quando h\u00e1 uma situa\u00e7\u00e3o de risco para determinadas actividades dependentes da situa\u00e7\u00e3o meteorol\u00f3gica.<\/p>\n<p>O Inverno come\u00e7a este domingo, com previs\u00e3o de chuva, queda de neve e temperaturas m\u00e1ximas a variar entre os 4 e os 14 graus Celsius, segundo o IPMA.<\/p>\n<p>Portugal continental ser\u00e1 afectado durante este fim-de-semana por uma massa de ar polar mar\u00edtima que provocar\u00e1 a queda de neve a cotas mais baixas e temperaturas pr\u00f3ximas ou inferiores a zero graus no interior Norte e Centro.<\/p>\n","protected":false},"excerpt":{"rendered":"Onze distritos de Portugal continental est\u00e3o este domingo sob aviso laranja, o segundo mais elevado, devido \u00e0 queda&hellip;\n","protected":false},"author":2,"featured_media":197067,"comment_status":"","ping_status":"","sticky":false,"template":"","format":"standard","meta":{"footnotes":""},"categories":[8],"tags":[785,27,28,15,16,14,7189,350,25,26,21,22,606,11288,12,13,19,20,32,23,24,33,17,18,29,30,31],"class_list":{"0":"post-197066","1":"post","2":"type-post","3":"status-publish","4":"format-standard","5":"has-post-thumbnail","7":"category-principais-noticias","8":"tag-azul","9":"tag-breaking-news","10":"tag-breakingnews","11":"tag-featured-news","12":"tag-featurednews","13":"tag-headlines","14":"tag-inverno","15":"tag-ipma","16":"tag-latest-news","17":"tag-latestnews","18":"tag-main-news","19":"tag-mainnews","20":"tag-meteorologia","21":"tag-neve","22":"tag-news","23":"tag-noticias","24":"tag-noticias-principais","25":"tag-noticiasprincipais","26":"tag-portugal","27":"tag-principais-noticias","28":"tag-principaisnoticias","29":"tag-pt","30":"tag-top-stories","31":"tag-topstories","32":"tag-ultimas","33":"tag-ultimas-noticias","34":"tag-ultimasnoticias"},"share_on_mastodon":{"url":"https:\/\/pubeurope.com\/@pt\/115757777311698001","error":""},"_links":{"self":[{"href":"https:\/\/www.europesays.com\/pt\/wp-json\/wp\/v2\/posts\/197066","targetHints":{"allow":["GET"]}}],"collection":[{"href":"https:\/\/www.europesays.com\/pt\/wp-json\/wp\/v2\/posts"}],"about":[{"href":"https:\/\/www.europesays.com\/pt\/wp-json\/wp\/v2\/types\/post"}],"author":[{"embeddable":true,"href":"https:\/\/www.europesays.com\/pt\/wp-json\/wp\/v2\/users\/2"}],"replies":[{"embeddable":true,"href":"https:\/\/www.europesays.com\/pt\/wp-json\/wp\/v2\/comments?post=197066"}],"version-history":[{"count":0,"href":"https:\/\/www.europesays.com\/pt\/wp-json\/wp\/v2\/posts\/197066\/revisions"}],"wp:featuredmedia":[{"embeddable":true,"href":"https:\/\/www.europesays.com\/pt\/wp-json\/wp\/v2\/media\/197067"}],"wp:attachment":[{"href":"https:\/\/www.europesays.com\/pt\/wp-json\/wp\/v2\/media?parent=197066"}],"wp:term":[{"taxonomy":"category","embeddable":true,"href":"https:\/\/www.europesays.com\/pt\/wp-json\/wp\/v2\/categories?post=197066"},{"taxonomy":"post_tag","embeddable":true,"href":"https:\/\/www.europesays.com\/pt\/wp-json\/wp\/v2\/tags?post=197066"}],"curies":[{"name":"wp","href":"https:\/\/api.w.org\/{rel}","templated":true}]}}