{"id":197068,"date":"2025-12-21T13:24:14","date_gmt":"2025-12-21T13:24:14","guid":{"rendered":"https:\/\/www.europesays.com\/pt\/197068\/"},"modified":"2025-12-21T13:24:14","modified_gmt":"2025-12-21T13:24:14","slug":"a-mulher-do-bateu-levou","status":"publish","type":"post","link":"https:\/\/www.europesays.com\/pt\/197068\/","title":{"rendered":"A mulher do &#8221;bateu, levou&#8221;"},"content":{"rendered":"<p><img decoding=\"async\" fetchpriority=\"high\" src=\"https:\/\/www.europesays.com\/pt\/wp-content\/uploads\/2025\/12\/cn07lys98oukxn9xi9tjbjchv.jpg\" width=\"906\" height=\"509\" alt=\"A presidente do Palmeiras, Leila Pereira\" title=\"A presidente do Palmeiras, Leila Pereira\"\/>Reprodu\u00e7\u00e3o\/Instagram @leilapereira<\/p>\n<p>A presidente do Palmeiras, Leila Pereira<\/p>\n<p><strong>Leila Pereira\u00a0<\/strong>n\u00e3o \u00e9 mulher de frescuras ou n\u00e3o me toques.<\/p>\n<p>Leia n\u00e3o se vitimiza mesmo em um territ\u00f3rio tradicionalmente masculino e com cole\u00e7\u00f5es de palavr\u00f5es dos homens e n\u00e3o dela.<\/p>\n<p>Ela se uniu a\u00a0 <a href=\"https:\/\/esporte.ig.com.br\/futebol\/2021-11-06\/crefisa-confirma-divida-de-r--130-milhoes-do-palmeiras-e-corta-emprestimos.html\" target=\"_blank\" rel=\"noopener nofollow\" data-mce-href=\"https:\/\/esporte.ig.com.br\/futebol\/2021-11-06\/crefisa-confirma-divida-de-r--130-milhoes-do-palmeiras-e-corta-emprestimos.html\" data-mce->Jos\u00e9 Roberto Lamacchia<\/a> quando ela tinha 18 anos e ele, 38.<br \/>Lamacchia se apaixonou pela jovem, mas jamais imaginou que a intelig\u00eancia dela era al\u00e9m da limite.<\/p>\n<p>A financeira<\/p>\n<p>Com extrema facilidade,\u00a0 <a href=\"https:\/\/esporte.ig.com.br\/futebol\/2025-10-08\/em-meio-polemicas-leila-pereira-assume-cargo-fifa.html\" target=\"_blank\" rel=\"noopener nofollow\" data-mce-href=\"https:\/\/esporte.ig.com.br\/futebol\/2025-10-08\/em-meio-polemicas-leila-pereira-assume-cargo-fifa.html\" data-mce->Leila Pereira<\/a> aprendeu a ser banqueira com um tiroc\u00ednio raro at\u00e9 nos homens que atuam no ramo.<\/p>\n<p>Vamos lembrar que quase todos os herdeiros de banqueiros n\u00e3o atuam no ramo, preferem at\u00e9 fazer outras coisas.<\/p>\n<p>Mas Leila tem a capacidade natural de tocar um banco como uma cozinheira sabe fazer um bolo ou um escritor sabe criar um livro.<\/p>\n<p>O pres\u00e9pio mais lindo da cidade<\/p>\n<p>Apesar de sua for\u00e7a em comandar um banco, Leila decidiu criar um pres\u00e9pio na cal\u00e7ada do banco.<\/p>\n<p>O sucesso foi t\u00e3o grande que as fam\u00edlias faziam quest\u00e3o de ir at\u00e9 l\u00e1 nos fins de semana para tirar fotografia na frente do pres\u00e9pio.<\/p>\n<p>A mesma Leila que criou o pres\u00e9pio era a Leila que comandava o banco.<\/p>\n<p>E um dia ela decidiu ser presidente do Palmeiras.<\/p>\n<p><img decoding=\"async\" fetchpriority=\"high\" src=\"https:\/\/www.europesays.com\/pt\/wp-content\/uploads\/2025\/12\/7u774mrop2vm64s4d14g2yy9z.jpg\" width=\"906\" height=\"509\" alt=\"A presidente do Palmeiras, Leila Pereira\" title=\"A presidente do Palmeiras, Leila Pereira\"\/>Reprodu\u00e7\u00e3o\/Instagram @leilapereira<\/p>\n<p>A presidente do Palmeiras, Leila Pereira<\/p>\n<p>O apoio do marido<\/p>\n<p>Leila Pereira teve o apoio do marido Jos\u00e9 Roberto, que sempre foi apaixonado por ela e a apoiou em tudo que ela quer fazer.<\/p>\n<p>Mesmo sendo 4 vezes vice-campe\u00e3, ela \u00e9 um sucesso imenso na sua administra\u00e7\u00e3o.<\/p>\n<p>Ela soube criar o seu caminho para a presid\u00eancia do clube de maneira simples e objetiva, se cercando das pessoas que precisavam estar ao seu lado.<\/p>\n<p>E quando decidiu <a href=\"https:\/\/esporte.ig.com.br\/futebol\/2023-09-11\/palmeiras-volta-usar-aviao-de-leila-pereira-define-datas-de-voos.html\" target=\"_blank\" rel=\"noopener nofollow\" data-mce-href=\"https:\/\/esporte.ig.com.br\/futebol\/2023-09-11\/palmeiras-volta-usar-aviao-de-leila-pereira-define-datas-de-voos.html\" data-mce->comprar um avi\u00e3o para levar o time todo viajar<\/a>, ao comentar o seu desejo ao marido, ouviu dele: \u201cOnde eu preciso assinar para voc\u00ea comprar?\u201d<\/p>\n<p>Uma briga grande<\/p>\n<p>Recentemente, o seu banco come\u00e7ou a receber uma grande campanha contra vindo de uma emissora de TV.<\/p>\n<p>A primeira coisa que ela fez foi mandar levantar as finan\u00e7as e os credores da emissora de TV.<\/p>\n<p>Ao ver a d\u00edvida da emissora, ela comentou com um interlocutor que ela tinha algo mais importante a se preocupar de imediato, e o caso da briga com a emissora ela deixaria um pouco mais para frente e pensaria se compraria a divida da emissora de TV no mercado ou compraria a parte dos s\u00f3cios da emissora, que s\u00e3o a maioria das a\u00e7\u00f5es.<\/p>\n<p>Uma outra briga<\/p>\n<p>Teve um jogador que a desafiou no time.<\/p>\n<p>Ela, com toda a sua tranquilidade, colocou o jogador para correr e n\u00e3o aceitou nem o recuo do jogador.<\/p>\n<p><a href=\"https:\/\/esporte.ig.com.br\/futebol\/2025-01-14\/palmeiras-leila-pereira-decide-processar-dudu.html\" target=\"_blank\" rel=\"noopener nofollow\" data-mce-href=\"https:\/\/esporte.ig.com.br\/futebol\/2025-01-14\/palmeiras-leila-pereira-decide-processar-dudu.html\" data-mce->Este jogador, Dudu<\/a>, foi embora do Palmeiras e hoje est\u00e1 no banco do time para onde ele foi.<\/p>\n<p>A pen\u00faltima briga<\/p>\n<p>Esta semana, um <a href=\"https:\/\/esporte.ig.com.br\/futebol\/2025-12-17\/leila-pereira-discute-conselheiro-palmeiras-covarde.html\" target=\"_blank\" rel=\"noopener nofollow\" data-mce-href=\"https:\/\/esporte.ig.com.br\/futebol\/2025-12-17\/leila-pereira-discute-conselheiro-palmeiras-covarde.html\" data-mce->conselheiro do Palmeiras decidiu desafiar a Leila<\/a>.<\/p>\n<p>Entrou na sala, teceu ofensas a Leila e saiu r\u00e1pido.<\/p>\n<p>Leila n\u00e3o se fez de rogada e disse em alto e bom som que o conselheiro nada fazia da vida e era um fracassado.<\/p>\n<p>Com certeza, o conselheiro se arrependeu de desafiar a Leila.<\/p>\n<p>Por enquanto, \u00e9 apenas assim<\/p>\n<p>Leila dirige um carro de mais de dois milh\u00f5es de reais, carro discret\u00edssimo e s\u00f3 usado por pessoas que sabem o que \u00e9 o luxo de um autom\u00f3vel.<\/p>\n<p>Por alguma raz\u00e3o, a Leila Pereira me lembra muito o <strong>Vicente Matheus<\/strong>, que, para ser presidente do <strong>Corinthians,<\/strong> tirou do pr\u00f3prio bolso um volume de dinheiro imenso para garantir as d\u00edvidas do time.<\/p>\n<p>Assim como o Vicente amava o Corinthians, a Leila ama o Palmeiras.<\/p>\n<p>E com ela n\u00e3o tem vitimismo nem pizza.<\/p>\n<p>Ela devolve a porrada maior do que veio.<\/p>\n","protected":false},"excerpt":{"rendered":"Reprodu\u00e7\u00e3o\/Instagram @leilapereira A presidente do Palmeiras, Leila Pereira Leila Pereira\u00a0n\u00e3o \u00e9 mulher de frescuras ou n\u00e3o me toques.&hellip;\n","protected":false},"author":2,"featured_media":197069,"comment_status":"","ping_status":"","sticky":false,"template":"","format":"standard","meta":{"footnotes":""},"categories":[145],"tags":[211,210,114,115,30257,1621,32,33],"class_list":{"0":"post-197068","1":"post","2":"type-post","3":"status-publish","4":"format-standard","5":"has-post-thumbnail","7":"category-celebridades","8":"tag-celebridades","9":"tag-celebrities","10":"tag-entertainment","11":"tag-entretenimento","12":"tag-leila-pereira","13":"tag-palmeiras","14":"tag-portugal","15":"tag-pt"},"share_on_mastodon":{"url":"https:\/\/pubeurope.com\/@pt\/115757781473311494","error":""},"_links":{"self":[{"href":"https:\/\/www.europesays.com\/pt\/wp-json\/wp\/v2\/posts\/197068","targetHints":{"allow":["GET"]}}],"collection":[{"href":"https:\/\/www.europesays.com\/pt\/wp-json\/wp\/v2\/posts"}],"about":[{"href":"https:\/\/www.europesays.com\/pt\/wp-json\/wp\/v2\/types\/post"}],"author":[{"embeddable":true,"href":"https:\/\/www.europesays.com\/pt\/wp-json\/wp\/v2\/users\/2"}],"replies":[{"embeddable":true,"href":"https:\/\/www.europesays.com\/pt\/wp-json\/wp\/v2\/comments?post=197068"}],"version-history":[{"count":0,"href":"https:\/\/www.europesays.com\/pt\/wp-json\/wp\/v2\/posts\/197068\/revisions"}],"wp:featuredmedia":[{"embeddable":true,"href":"https:\/\/www.europesays.com\/pt\/wp-json\/wp\/v2\/media\/197069"}],"wp:attachment":[{"href":"https:\/\/www.europesays.com\/pt\/wp-json\/wp\/v2\/media?parent=197068"}],"wp:term":[{"taxonomy":"category","embeddable":true,"href":"https:\/\/www.europesays.com\/pt\/wp-json\/wp\/v2\/categories?post=197068"},{"taxonomy":"post_tag","embeddable":true,"href":"https:\/\/www.europesays.com\/pt\/wp-json\/wp\/v2\/tags?post=197068"}],"curies":[{"name":"wp","href":"https:\/\/api.w.org\/{rel}","templated":true}]}}