{"id":197070,"date":"2025-12-21T13:25:11","date_gmt":"2025-12-21T13:25:11","guid":{"rendered":"https:\/\/www.europesays.com\/pt\/197070\/"},"modified":"2025-12-21T13:25:11","modified_gmt":"2025-12-21T13:25:11","slug":"joana-vasconcelos-cria-obra-de-arte-para-rotulo-de-um-dos-vinhos-mais-caros-do-mundo","status":"publish","type":"post","link":"https:\/\/www.europesays.com\/pt\/197070\/","title":{"rendered":"Joana Vasconcelos cria obra de arte para r\u00f3tulo de um dos vinhos mais caros do mundo"},"content":{"rendered":"<p class=\"category\"><a href=\"https:\/\/sicnoticias.pt\/programas\/boa-cama-boa-mesa\" rel=\"nofollow noopener\" target=\"_blank\">Boa Cama Boa Mesa<\/a><\/p>\n<p>\u00c9 a primeira vez que uma artista portuguesa ilustra um r\u00f3tulo do Ch\u00e2teau Mouton Rothschild. &#8220;Para\u00edso&#8221;, de Joana Vasconcelos, anima o vintage 2023 deste mundialmente famoso produtor franc\u00eas da regi\u00e3o de Bord\u00e9us. O vinho chegou agora ao mercado.<\/p>\n<p><img decoding=\"async\" src=\"https:\/\/www.europesays.com\/pt\/wp-content\/uploads\/2025\/12\/1766323511_451_original.webp\" alt=\"Joana Vasconcelos cria obra de arte para r\u00f3tulo de um dos vinhos mais caros do mundo\"\/><\/p>\n<p>Jos\u00e9 Fonseca Fernandes<\/p>\n<p><strong>Pela primeira vez, coube a uma artista portuguesa criar a obra de arte que ilustra o r\u00f3tulo do Ch\u00e2teau Mouton Rothschild. &#8220;Para\u00edso&#8221;, de Joana Vasconcelos, d\u00e1 cor ao <\/strong><strong>vintage<\/strong><strong> de 2023, juntando-se, desta forma, a uma extensa lista de artistas contempor\u00e2neos. A casa produtora de vinhos franceses, localizada da regi\u00e3o de Bord\u00e9us, respons\u00e1vel por algumas das refer\u00eancias mais caras do mundo, mant\u00e9m, desde 1945, a tradi\u00e7\u00e3o de convidar artistas para assinar os r\u00f3tulos anuais.<\/strong><\/p>\n<p>O an\u00fancio foi feito no in\u00edcio de dezembro pela Ch\u00e2teau Mouton Rothschild, que descreve a obra de Joana Vasconcelos: \u201co desenho concentra-se num cacho de uvas e ilustra todos os elementos que se unem para criar um grande vinho: terra e \u00e1gua, os raios do sol e o frescor da noite, combinados com o trabalho das m\u00e3os humanas, representado pelo v\u00e9rtice de um tri\u00e2ngulo como uma incurs\u00e3o ben\u00e9fica no ciclo da natureza\u201d. E continua: \u201cComo pe\u00e7as de um quebra-cabe\u00e7a, cada elemento tem sua pr\u00f3pria forma e cor, desempenhando um papel complementar e decisivo. A videira \u00e9 o centro das aten\u00e7\u00f5es e prospera no \u201cPara\u00edso\u201d que \u00e9 o terroir do Ch\u00e2teau Mouton Rothschild, cujo solo, sol e \u00e1gua nutrem as uvas desde tempos imemoriais\u201d, descreve o produtor sobre o r\u00f3tulo que ilustra a colheita de 2023.<\/p>\n<p>Luxo e harmonia<\/p>\n<p>Ch\u00e2teau Mouton Rothschild 2023<\/p>\n<p>\u201cJoana Vasconcelos utiliza materiais tradicionais do dia a dia, como bordados e croch\u00e9, para criar obras de arte que exploram temas contempor\u00e2neos, como o feminismo, de uma forma monumental, barroca, por vezes provocativa, bem-humorada e engajada&#8221;, comentou Julien de Beaumarchais de Rothschild, copropriet\u00e1rio do Ch\u00e2teau Mouton Rothschild, respons\u00e1vel pela atividade art\u00edstica e cultural da propriedade e pelas rela\u00e7\u00f5es com os artistas, na <a href=\"https:\/\/www.chateau-mouton-rothschild.com\/label-art\/discover-the-artwork\/joana-vasconcelos\" target=\"_blank\" rel=\"noopener noreferrer nofollow\">nota publicada<\/a> sobre esta colabora\u00e7\u00e3o. &#8220;Ela ancora o patrim\u00f3nio artesanal portugu\u00eas na modernidade. Gosto muito dessa liga\u00e7\u00e3o entre arte e artesanato, porque \u00e9 o que temos aqui no Ch\u00e2teau Mouton Rothschild: o resultado de um trabalho artesanal de alto n\u00edvel e, ao mesmo tempo, uma obra de arte, j\u00e1 que cada pe\u00e7a \u00e9 \u00fanica, rara e, portanto, preciosa\u201d, destaca.<\/p>\n<p>Joana Vasconcelos e Julien de Beaumarchais de Rothschild <\/p>\n<p>\u201cSenti-me muito privilegiada e honrada por fazer parte n\u00e3o s\u00f3 de um grande nome, mas tamb\u00e9m do conjunto de grandes artistas que participaram em edi\u00e7\u00f5es anteriores deste projeto\u201d, assinalou Joana Vasconcelos, descrevendo a origem da inspira\u00e7\u00e3o para \u201cPara\u00edso\u201d nas uvas e nas vinhas, \u201cbem como o aspeto naturalista do Ch\u00e2teau Mouton, que significa natureza. \u201cPara\u00edso\u201d \u00e9 uma obra inspirada na ideia de perfei\u00e7\u00e3o, de luxo e na harmonia entre a natureza e o homem\u201d, sublinha.<\/p>\n<p>Com refer\u00eancias que podem chegar a valores pr\u00f3ximos dos \u20ac5000, o vinho ilustrados pela artista portuguesa, est\u00e1 a ser comercializado por cerca de \u20ac450, a garrafa, com indica\u00e7\u00e3o de compra de caixas de seis unidades.<\/p>\n<p>O produtor Ch\u00e2teau Mouton Rothschild est\u00e1 localizado em Pauillac, na regi\u00e3o de M\u00e9doc, a cerca de 50 km a noroeste da cidade de Bord\u00e9us, em Fran\u00e7a. \u00c9 um dos mais famosos e prestigiados produtores de vinho da margem esquerda de Bordeaux, conhecido pela sua classifica\u00e7\u00e3o de Premier Grand Cru Class\u00e9.<\/p>\n<p>Joana Vasconcelos na Quanta Terra, em Alij\u00f3<\/p>\n<p>Recorde-se que esta n\u00e3o \u00e9 uma estreia no universo dos vinhos para Joana Vasconcelos. A artista pl\u00e1stica radicada em Lisboa assinou em 2021 duas edi\u00e7\u00f5es especiais<strong> <\/strong>Quanta Terra. A colabora\u00e7\u00e3o art\u00edstica resultou numa edi\u00e7\u00e3o especial de espumantes e tintos, associando a obra \u00e0 identidade do Douro. Os conjuntos de tr\u00eas garrafas incluem uma serigrafia da artista que foi a primeira a expor, aquando da inaugura\u00e7\u00e3o do espa\u00e7o <a href=\"https:\/\/www.facebook.com\/QuantaTerra\" target=\"_blank\" rel=\"noopener noreferrer nofollow\">Quanta Terra<\/a>, localizado em Favaios, no munic\u00edpio de Alij\u00f3.<\/p>\n<p>Desde essa primeira colabora\u00e7\u00e3o, foram diversos os artistas nacionais a expor e criar na antiga destilaria que \u00e9 hoje casa dos vinhos de Jorge Alves e Celso Pereira, celebrando a fus\u00e3o entre o vinho e a cria\u00e7\u00e3o art\u00edstica. O mais recente convidado foi Vihls. Recorde a reportagem <a href=\"https:\/\/expresso.pt\/boa-cama-boa-mesa\/2024-12-12-video-roteiro-no-douro-vinhateiro-a-descoberta-de-alijo-favaios-e-pinhao-b3a55169\" target=\"_blank\" rel=\"noopener noreferrer nofollow\">Boa Cama Boa Mesa<\/a> na Quanta Terra, no \u00e2mbito do programa dedicado a Alij\u00f3.<\/p>\n<p>Obra de Joana Vasconcelos na Quanta Terra<\/p>\n","protected":false},"excerpt":{"rendered":"Boa Cama Boa Mesa \u00c9 a primeira vez que uma artista portuguesa ilustra um r\u00f3tulo do Ch\u00e2teau Mouton&hellip;\n","protected":false},"author":2,"featured_media":197071,"comment_status":"","ping_status":"","sticky":false,"template":"","format":"standard","meta":{"footnotes":""},"categories":[144],"tags":[207,205,206,203,201,202,204,114,115,32,33],"class_list":{"0":"post-197070","1":"post","2":"type-post","3":"status-publish","4":"format-standard","5":"has-post-thumbnail","7":"category-arte-e-design","8":"tag-arte","9":"tag-arte-e-design","10":"tag-artedesign","11":"tag-arts","12":"tag-arts-and-design","13":"tag-artsanddesign","14":"tag-design","15":"tag-entertainment","16":"tag-entretenimento","17":"tag-portugal","18":"tag-pt"},"share_on_mastodon":{"url":"https:\/\/pubeurope.com\/@pt\/115757785065459701","error":""},"_links":{"self":[{"href":"https:\/\/www.europesays.com\/pt\/wp-json\/wp\/v2\/posts\/197070","targetHints":{"allow":["GET"]}}],"collection":[{"href":"https:\/\/www.europesays.com\/pt\/wp-json\/wp\/v2\/posts"}],"about":[{"href":"https:\/\/www.europesays.com\/pt\/wp-json\/wp\/v2\/types\/post"}],"author":[{"embeddable":true,"href":"https:\/\/www.europesays.com\/pt\/wp-json\/wp\/v2\/users\/2"}],"replies":[{"embeddable":true,"href":"https:\/\/www.europesays.com\/pt\/wp-json\/wp\/v2\/comments?post=197070"}],"version-history":[{"count":0,"href":"https:\/\/www.europesays.com\/pt\/wp-json\/wp\/v2\/posts\/197070\/revisions"}],"wp:featuredmedia":[{"embeddable":true,"href":"https:\/\/www.europesays.com\/pt\/wp-json\/wp\/v2\/media\/197071"}],"wp:attachment":[{"href":"https:\/\/www.europesays.com\/pt\/wp-json\/wp\/v2\/media?parent=197070"}],"wp:term":[{"taxonomy":"category","embeddable":true,"href":"https:\/\/www.europesays.com\/pt\/wp-json\/wp\/v2\/categories?post=197070"},{"taxonomy":"post_tag","embeddable":true,"href":"https:\/\/www.europesays.com\/pt\/wp-json\/wp\/v2\/tags?post=197070"}],"curies":[{"name":"wp","href":"https:\/\/api.w.org\/{rel}","templated":true}]}}