{"id":197079,"date":"2025-12-21T13:36:10","date_gmt":"2025-12-21T13:36:10","guid":{"rendered":"https:\/\/www.europesays.com\/pt\/197079\/"},"modified":"2025-12-21T13:36:10","modified_gmt":"2025-12-21T13:36:10","slug":"eua-apagao-deixou-100-mil-pessoas-em-sao-francisco-as-escuras-eua","status":"publish","type":"post","link":"https:\/\/www.europesays.com\/pt\/197079\/","title":{"rendered":"EUA: apag\u00e3o deixou 100 mil pessoas em S\u00e3o Francisco \u00e0s escuras | EUA"},"content":{"rendered":"<p>Mais de 30 mil pessoas est\u00e3o sem electricidade em S\u00e3o Francisco, depois de um apag\u00e3o ter deixado parte da cidade californiana \u00e0s escuras. De acordo com a Pacific Gas &amp; Electric, empresa de electricidade que serve a cidade norte-americana, 130 mil residentes foram afectados, mas a situa\u00e7\u00e3o j\u00e1 foi regularizada para a maioria.<\/p>\n<p>O Norte de S\u00e3o Francisco come\u00e7ou a ficar sem luz este s\u00e1bado por volta das 21h30 locais (6h30 em Portugal continental), obrigando os residentes a servirem-se das lanternas dos telem\u00f3veis para atravessar as ruas e alguns restaurantes a servirem refei\u00e7\u00f5es \u00e0 luz de velas, reporta o<a href=\"https:\/\/sfstandard.com\/2025\/12\/20\/what-we-know-about-saturdays-sf-power-outage\/\" target=\"_blank\" rel=\"nofollow noopener\"> San Francisco Standard<\/a>. As lojas encerraram, o Ballet de S\u00e3o Francisco cancelou O Quebra-Nozes e os t\u00e1xis sem condutor da Waymo provocaram o caos no tr\u00e2nsito.<\/p>\n<p>A causa do apag\u00e3o ainda n\u00e3o est\u00e1 esclarecida, mas um inc\u00eandio numa esta\u00e7\u00e3o da Pacific Gas &amp; Electric pode ter contribu\u00eddo, de acordo com Mariano El\u00edas, porta-voz dos bombeiros de S\u00e3o Francisco, citado no mesmo artigo. Apesar de algumas partes da cidade j\u00e1 estarem sem energia antes, o apag\u00e3o expandiu-se na mesma altura do inc\u00eandio \u2014 que foi apagado este s\u00e1bado \u00e0 noite.<\/p>\n<p>A Pacific Gas &amp; Electric refere, numa <a href=\"https:\/\/x.com\/PGE4Me\" target=\"_blank\" rel=\"nofollow\">publica\u00e7\u00e3o no X<\/a>, que n\u00e3o h\u00e1 registos de acidentes ou ocorr\u00eancias. Por esta altura, de acordo com o gr\u00e1fico em tempo real do <a href=\"https:\/\/poweroutage.us\/area\/state\/california\" rel=\"nofollow noopener\" target=\"_blank\">site <\/a>da empresa, 32 mil pessoas continuam sem luz.<\/p>\n","protected":false},"excerpt":{"rendered":"Mais de 30 mil pessoas est\u00e3o sem electricidade em S\u00e3o Francisco, depois de um apag\u00e3o ter deixado parte&hellip;\n","protected":false},"author":2,"featured_media":197080,"comment_status":"","ping_status":"","sticky":false,"template":"","format":"standard","meta":{"footnotes":""},"categories":[50],"tags":[995,27,28,353,2270,413,15,16,14,25,26,21,22,62,12,13,19,20,23,24,33911,17,18,29,30,31,63,64,65],"class_list":{"0":"post-197079","1":"post","2":"type-post","3":"status-publish","4":"format-standard","5":"has-post-thumbnail","7":"category-mundo","8":"tag-abre-conteudo","9":"tag-breaking-news","10":"tag-breakingnews","11":"tag-em-destaque","12":"tag-energia","13":"tag-eua","14":"tag-featured-news","15":"tag-featurednews","16":"tag-headlines","17":"tag-latest-news","18":"tag-latestnews","19":"tag-main-news","20":"tag-mainnews","21":"tag-mundo","22":"tag-news","23":"tag-noticias","24":"tag-noticias-principais","25":"tag-noticiasprincipais","26":"tag-principais-noticias","27":"tag-principaisnoticias","28":"tag-sao-francisco","29":"tag-top-stories","30":"tag-topstories","31":"tag-ultimas","32":"tag-ultimas-noticias","33":"tag-ultimasnoticias","34":"tag-world","35":"tag-world-news","36":"tag-worldnews"},"share_on_mastodon":{"url":"https:\/\/pubeurope.com\/@pt\/115757828292978720","error":""},"_links":{"self":[{"href":"https:\/\/www.europesays.com\/pt\/wp-json\/wp\/v2\/posts\/197079","targetHints":{"allow":["GET"]}}],"collection":[{"href":"https:\/\/www.europesays.com\/pt\/wp-json\/wp\/v2\/posts"}],"about":[{"href":"https:\/\/www.europesays.com\/pt\/wp-json\/wp\/v2\/types\/post"}],"author":[{"embeddable":true,"href":"https:\/\/www.europesays.com\/pt\/wp-json\/wp\/v2\/users\/2"}],"replies":[{"embeddable":true,"href":"https:\/\/www.europesays.com\/pt\/wp-json\/wp\/v2\/comments?post=197079"}],"version-history":[{"count":0,"href":"https:\/\/www.europesays.com\/pt\/wp-json\/wp\/v2\/posts\/197079\/revisions"}],"wp:featuredmedia":[{"embeddable":true,"href":"https:\/\/www.europesays.com\/pt\/wp-json\/wp\/v2\/media\/197080"}],"wp:attachment":[{"href":"https:\/\/www.europesays.com\/pt\/wp-json\/wp\/v2\/media?parent=197079"}],"wp:term":[{"taxonomy":"category","embeddable":true,"href":"https:\/\/www.europesays.com\/pt\/wp-json\/wp\/v2\/categories?post=197079"},{"taxonomy":"post_tag","embeddable":true,"href":"https:\/\/www.europesays.com\/pt\/wp-json\/wp\/v2\/tags?post=197079"}],"curies":[{"name":"wp","href":"https:\/\/api.w.org\/{rel}","templated":true}]}}