{"id":19708,"date":"2025-08-07T12:40:10","date_gmt":"2025-08-07T12:40:10","guid":{"rendered":"https:\/\/www.europesays.com\/pt\/19708\/"},"modified":"2025-08-07T12:40:10","modified_gmt":"2025-08-07T12:40:10","slug":"anvisa-publica-norma-medidas-de-saude-para-aeroportos","status":"publish","type":"post","link":"https:\/\/www.europesays.com\/pt\/19708\/","title":{"rendered":"Anvisa publica norma medidas de sa\u00fade para aeroportos"},"content":{"rendered":"<p>Divulga\u00e7\u00e3o\/Aena Brasil<\/p>\n<p><img decoding=\"async\" src=\"https:\/\/www.europesays.com\/pt\/wp-content\/uploads\/2025\/08\/default.jpg\" data-type=\"image\" data-id=\"545069\" class=\"fr-fic fr-dib lazyload\" data-editcaption=\"false\" alt=\"Objetivo \u00e9 tornar mais \u00e1gil a resposta sanit\u00e1ria em locais de entrada e sa\u00edda internacional de viajantes, como parte do legado da pandemia de Covid-19\" data-uploaded=\"false\" contenteditable=\"false\"\/>Objetivo \u00e9 tornar mais \u00e1gil a resposta sanit\u00e1ria em locais de entrada e sa\u00edda internacional de viajantes, como parte do legado da pandemia de Covid-19<\/p>\n<p>A Ag\u00eancia Nacional de Vigil\u00e2ncia Sanit\u00e1ria (Anvisa) publicou a Instru\u00e7\u00e3o Normativa (IN) n\u00ba 389 que estabelece medidas de sa\u00fade tempor\u00e1rias a serem adotadas por portos e <a href=\"https:\/\/www.panrotas.com.br\/tudo-sobre\/aviacao\" title=\"aeroportos brasileiros\" rel=\"nofollow noopener\" target=\"_blank\">aeroportos brasileiros<\/a> de acordo com o cen\u00e1rio epidemiol\u00f3gico vigente. <\/p>\n<p>O objetivo \u00e9 tornar mais \u00e1gil a resposta sanit\u00e1ria em locais de entrada e sa\u00edda internacional de viajantes, como parte do legado da pandemia de Covid-19. A nova instru\u00e7\u00e3o complementa a RDC 932\/2024, que j\u00e1 estabelece diretrizes gerais para controle sanit\u00e1rio nas fronteiras, e ser\u00e1 atualizada periodicamente conforme as orienta\u00e7\u00f5es t\u00e9cnicas do Minist\u00e9rio da Sa\u00fade e a evolu\u00e7\u00e3o de eventos epidemiol\u00f3gicos globais ou nacionais.<\/p>\n<blockquote>\n<p>\u201cA aprova\u00e7\u00e3o de uma instru\u00e7\u00e3o normativa de atualiza\u00e7\u00e3o peri\u00f3dica com medidas de sa\u00fade tempor\u00e1rias para portos e aeroportos \u00e9 um legado da Emerg\u00eancia de Sa\u00fade P\u00fablica de Import\u00e2ncia Internacional (ESPII) relacionada \u00e0 Covid-19. Agora a Ag\u00eancia implementa um instrumento \u00e1gil, que permite atualizar essas medidas t\u00e3o logo o Minist\u00e9rio da Sa\u00fade indique sua aplica\u00e7\u00e3o e seja verificada sua pertin\u00eancia t\u00e9cnica para o setor&#8221;<\/p>\n<p>Diretor da Anvisa, Daniel Pereira<\/p><\/blockquote>\n<p>Primeira atualiza\u00e7\u00e3o: Mpox, poliomielite e sarampo<\/p>\n<p>A primeira vers\u00e3o da IN traz um anexo com as doen\u00e7as que atualmente representam uma Emerg\u00eancia de Sa\u00fade P\u00fablica de Import\u00e2ncia Internacional (ESPII) \u2014 poliomielite e Mpox (var\u00edola dos macacos) \u2014, mas sem a necessidade de medidas sanit\u00e1rias voltadas a viajantes neste momento.<\/p>\n<p>No entanto, est\u00e3o previstas a\u00e7\u00f5es de comunica\u00e7\u00e3o e informa\u00e7\u00e3o nos portos e aeroportos, como banners informativos sobre Mpox nas \u00e1reas de desembarque internacional; e avisos sonoros a bordo de aeronaves com orienta\u00e7\u00f5es sobre o sarampo, doen\u00e7a que est\u00e1 em situa\u00e7\u00e3o de alerta devido ao surto na Bol\u00edvia.<\/p>\n<p>Refor\u00e7o nas fronteiras com a Bol\u00edvia<\/p>\n<p>A instru\u00e7\u00e3o normativa tamb\u00e9m se soma \u00e0s a\u00e7\u00f5es em curso nas fronteiras brasileiras, especialmente no Acre. A Coordena\u00e7\u00e3o de Vigil\u00e2ncia Sanit\u00e1ria de Portos, Aeroportos e Fronteiras (CVPAF\/AC) tem atuado nas cidades de Epitaciol\u00e2ndia e Assis Brasil com a\u00e7\u00f5es de vigil\u00e2ncia ativa e vacina\u00e7\u00e3o, como resposta ao surto de sarampo no pa\u00eds vizinho.<\/p>\n<p>A Anvisa refor\u00e7a a import\u00e2ncia da atualiza\u00e7\u00e3o da carteira vacinal pelos viajantes e moradores de \u00e1reas de fronteira, como forma de prevenir a reintrodu\u00e7\u00e3o do sarampo no Brasil.<\/p>\n","protected":false},"excerpt":{"rendered":"Divulga\u00e7\u00e3o\/Aena Brasil Objetivo \u00e9 tornar mais \u00e1gil a resposta sanit\u00e1ria em locais de entrada e sa\u00edda internacional de&hellip;\n","protected":false},"author":2,"featured_media":19709,"comment_status":"","ping_status":"","sticky":false,"template":"","format":"standard","meta":{"footnotes":""},"categories":[86],"tags":[1812,5671,116,7262,7263,32,33,117],"class_list":{"0":"post-19708","1":"post","2":"type-post","3":"status-publish","4":"format-standard","5":"has-post-thumbnail","7":"category-saude","8":"tag-aeroportos","9":"tag-anvisa","10":"tag-health","11":"tag-normas-medidas-de-saude-aeroportos","12":"tag-portos","13":"tag-portugal","14":"tag-pt","15":"tag-saude"},"share_on_mastodon":{"url":"","error":""},"_links":{"self":[{"href":"https:\/\/www.europesays.com\/pt\/wp-json\/wp\/v2\/posts\/19708","targetHints":{"allow":["GET"]}}],"collection":[{"href":"https:\/\/www.europesays.com\/pt\/wp-json\/wp\/v2\/posts"}],"about":[{"href":"https:\/\/www.europesays.com\/pt\/wp-json\/wp\/v2\/types\/post"}],"author":[{"embeddable":true,"href":"https:\/\/www.europesays.com\/pt\/wp-json\/wp\/v2\/users\/2"}],"replies":[{"embeddable":true,"href":"https:\/\/www.europesays.com\/pt\/wp-json\/wp\/v2\/comments?post=19708"}],"version-history":[{"count":0,"href":"https:\/\/www.europesays.com\/pt\/wp-json\/wp\/v2\/posts\/19708\/revisions"}],"wp:featuredmedia":[{"embeddable":true,"href":"https:\/\/www.europesays.com\/pt\/wp-json\/wp\/v2\/media\/19709"}],"wp:attachment":[{"href":"https:\/\/www.europesays.com\/pt\/wp-json\/wp\/v2\/media?parent=19708"}],"wp:term":[{"taxonomy":"category","embeddable":true,"href":"https:\/\/www.europesays.com\/pt\/wp-json\/wp\/v2\/categories?post=19708"},{"taxonomy":"post_tag","embeddable":true,"href":"https:\/\/www.europesays.com\/pt\/wp-json\/wp\/v2\/tags?post=19708"}],"curies":[{"name":"wp","href":"https:\/\/api.w.org\/{rel}","templated":true}]}}