{"id":197087,"date":"2025-12-21T13:42:08","date_gmt":"2025-12-21T13:42:08","guid":{"rendered":"https:\/\/www.europesays.com\/pt\/197087\/"},"modified":"2025-12-21T13:42:08","modified_gmt":"2025-12-21T13:42:08","slug":"apos-farpas-vera-revela-chamada-com-dylan-e-pedido-de-desculpas-o-assunto-esta","status":"publish","type":"post","link":"https:\/\/www.europesays.com\/pt\/197087\/","title":{"rendered":"Ap\u00f3s &#8220;farpas&#8221;, Vera revela &#8220;chamada&#8221; com Dylan e pedido de desculpas: &#8220;O assunto est\u00e1&#8230;&#8221;"},"content":{"rendered":"<p>\t\t\t\t\t\t\t\t\t\t\t\t\t\tAp\u00f3s a sa\u00edda da casa e de v\u00e1rias especula\u00e7\u00f5es na imprensa, Vera decidiu esclarecer a sua atual rela\u00e7\u00e3o com Dylan.<\/p>\n<p data-path-to-node=\"12\">Questionada por um seguidor sobre se o que saiu numa revista era verdade, a ex-concorrente admitiu n\u00e3o estar a par das not\u00edcias, mas abriu o jogo sobre os bastidores.<\/p>\n<p data-path-to-node=\"13\"><strong>\u201cN\u00e3o sei o que saiu ao certo nas revistas, pois n\u00e3o tenho estado atenta\u201d<\/strong>, come\u00e7ou por explicar.<\/p>\n<p data-path-to-node=\"14\">Contudo, Vera confirmou que a <strong>\u201cguerra\u201d<\/strong> terminou e que Dylan tomou a iniciativa de pedir desculpa. <strong>\u201cMas o Dylan numa gala arrependeu-se do que disse e mandou-me mensagem\u201d<\/strong>, revelou.<\/p>\n<p data-path-to-node=\"15\">A situa\u00e7\u00e3o ficou totalmente sanada ap\u00f3s uma conversa direta entre os dois: <strong>\u201cAp\u00f3s isso a gente j\u00e1 falou por chamada e para mim o assunto est\u00e1 mais que encerrado!\u201d<\/strong>, rematou.<\/p>\n<p data-path-to-node=\"15\">Veja aqui:<\/p>\n<p data-path-to-node=\"15\"><img loading=\"lazy\" decoding=\"async\" class=\"alignnone size-full wp-image-659327\" src=\"data:image\/svg+xml,%3Csvg%20xmlns=\" http:=\"\" alt=\"\" width=\"325\" height=\"580\" data-lazy- data-lazy- data-lazy-src=\"https:\/\/www.europesays.com\/pt\/wp-content\/uploads\/2025\/12\/vera-1-1.png\"\/><\/p>\n","protected":false},"excerpt":{"rendered":"Ap\u00f3s a sa\u00edda da casa e de v\u00e1rias especula\u00e7\u00f5es na imprensa, Vera decidiu esclarecer a sua atual rela\u00e7\u00e3o&hellip;\n","protected":false},"author":2,"featured_media":197088,"comment_status":"","ping_status":"","sticky":false,"template":"","format":"standard","meta":{"footnotes":""},"categories":[142],"tags":[2632,19105,114,115,17520,32,33,151,11841],"class_list":{"0":"post-197087","1":"post","2":"type-post","3":"status-publish","4":"format-standard","5":"has-post-thumbnail","7":"category-tv","8":"tag-casa-dos-segredos","9":"tag-dylan","10":"tag-entertainment","11":"tag-entretenimento","12":"tag-polu00e9mica","13":"tag-portugal","14":"tag-pt","15":"tag-tv","16":"tag-vera"},"share_on_mastodon":{"url":"https:\/\/pubeurope.com\/@pt\/115757851900216709","error":""},"_links":{"self":[{"href":"https:\/\/www.europesays.com\/pt\/wp-json\/wp\/v2\/posts\/197087","targetHints":{"allow":["GET"]}}],"collection":[{"href":"https:\/\/www.europesays.com\/pt\/wp-json\/wp\/v2\/posts"}],"about":[{"href":"https:\/\/www.europesays.com\/pt\/wp-json\/wp\/v2\/types\/post"}],"author":[{"embeddable":true,"href":"https:\/\/www.europesays.com\/pt\/wp-json\/wp\/v2\/users\/2"}],"replies":[{"embeddable":true,"href":"https:\/\/www.europesays.com\/pt\/wp-json\/wp\/v2\/comments?post=197087"}],"version-history":[{"count":0,"href":"https:\/\/www.europesays.com\/pt\/wp-json\/wp\/v2\/posts\/197087\/revisions"}],"wp:featuredmedia":[{"embeddable":true,"href":"https:\/\/www.europesays.com\/pt\/wp-json\/wp\/v2\/media\/197088"}],"wp:attachment":[{"href":"https:\/\/www.europesays.com\/pt\/wp-json\/wp\/v2\/media?parent=197087"}],"wp:term":[{"taxonomy":"category","embeddable":true,"href":"https:\/\/www.europesays.com\/pt\/wp-json\/wp\/v2\/categories?post=197087"},{"taxonomy":"post_tag","embeddable":true,"href":"https:\/\/www.europesays.com\/pt\/wp-json\/wp\/v2\/tags?post=197087"}],"curies":[{"name":"wp","href":"https:\/\/api.w.org\/{rel}","templated":true}]}}