{"id":197093,"date":"2025-12-21T13:46:08","date_gmt":"2025-12-21T13:46:08","guid":{"rendered":"https:\/\/www.europesays.com\/pt\/197093\/"},"modified":"2025-12-21T13:46:08","modified_gmt":"2025-12-21T13:46:08","slug":"consumo-de-alcool-esta-ligado-a-maior-risco-de-cancer-aponta-estudo","status":"publish","type":"post","link":"https:\/\/www.europesays.com\/pt\/197093\/","title":{"rendered":"Consumo de \u00e1lcool est\u00e1 ligado a maior risco de c\u00e2ncer, aponta estudo"},"content":{"rendered":"<p><img fetchpriority=\"high\" decoding=\"async\" class=\"w-fit lg:w-full\" loading=\"eager\" src=\"https:\/\/www.europesays.com\/pt\/wp-content\/uploads\/2025\/12\/246927_08f557927f23bfe.jpg\" title=\"\" alt=\"\" width=\"700\" height=\"477\"\/>Conforme a pesquisa, n\u00e3o h\u00e1 consumo totalmente seguro de \u00e1lcool.<\/p>\n<p>Um novo estudo refor\u00e7a o alerta sobre os efeitos do <a href=\"https:\/\/gauchazh.clicrbs.com.br\/saude\/noticia\/2025\/12\/nao-condizia-mais-com-quem-eu-era-por-que-cada-vez-mais-pessoas-estao-reduzindo-o-consumo-de-alcool-cmg7yjw3t01460150zn20rbhx.html\" rel=\"nofollow noopener\" target=\"_blank\"><strong>consumo de \u00e1lcool <\/strong><\/a>no risco de desenvolver <a href=\"https:\/\/gauchazh.clicrbs.com.br\/ultimas-noticias\/tag\/cancer\/\" rel=\"nofollow noopener\" target=\"_blank\"><strong>c\u00e2ncer<\/strong><\/a>, <strong>mesmo quando a ingest\u00e3o ocorre em n\u00edveis considerados baixos ou moderados<\/strong>.\u00a0<\/p>\n<p>A pesquisa, intitulada A systematic review on cancer risk and alcohol consumption frequency among adults in the United States, foi conduzida por pesquisadores da Faculdade de Medicina Charles E. Schmidt, da Universidade Atl\u00e2ntica da Fl\u00f3rida, e publicada na revista cient\u00edfica Cancer Epidemiology.<\/p>\n<p>A pesquisa analisou 62 estudos realizados nos Estados Unidos, com amostras que variaram de 80 a quase cem milh\u00f5es de participantes. O objetivo foi compreender como diferentes padr\u00f5es de consumo de bebidas alco\u00f3licas influenciam a incid\u00eancia do c\u00e2ncer e os desfechos da doen\u00e7a em adultos.\u00a0<\/p>\n<p>Os resultados confirmam uma rela\u00e7\u00e3o direta entre a frequ\u00eancia e a quantidade de \u00e1lcool consumida e o aumento do risco de c\u00e2ncer. A associa\u00e7\u00e3o foi observada, sobretudo, nos casos de c\u00e2ncer de mama, colorretal, de f\u00edgado, boca, laringe, es\u00f4fago e est\u00f4mago. Em pessoas com<strong> doen\u00e7a hep\u00e1tica alco\u00f3lica<\/strong>,<strong> <\/strong>o consumo esteve ligado a<strong> tumores mais avan\u00e7ados <\/strong>e a menores taxas de sobrevida.<\/p>\n<p>O estudo aponta ainda que o \u00e1lcool figura entre os tr\u00eas principais fatores de risco para o desenvolvimento de c\u00e2ncer de f\u00edgado. De forma geral, a subst\u00e2ncia aparece como o quarto maior fator de risco para c\u00e2ncer entre homens e o terceiro entre mulheres.<strong>\u00a0<\/strong><\/p>\n<p>A exposi\u00e7\u00e3o ao \u00e1lcool durante a <strong>adolesc\u00eancia <\/strong>tamb\u00e9m <strong>foi associada a maior risco de c\u00e2ncer<\/strong> e de mortalidade na vida adulta.<\/p>\n<p>Tipo de bebida tamb\u00e9m importa<\/p>\n<p>Os resultados apontaram que o tipo de bebida pode ser relevante em alguns casos \u2013 por exemplo, o vinho branco ou a cerveja foram associados a um risco maior de certos tipos de c\u00e2ncer, como o melanoma, enquanto as bebidas destiladas, em geral, n\u00e3o apresentaram essa associa\u00e7\u00e3o. <strong>O tabagismo amplificou o risco de c\u00e2ncer relacionado ao \u00e1lcool<\/strong>, embora os efeitos variassem de acordo com o sexo e o n\u00edvel de consumo. O hist\u00f3rico familiar tamb\u00e9m pode fortalecer a rela\u00e7\u00e3o entre \u00e1lcool e c\u00e2ncer.<\/p>\n<p>O que a pesquisa sobre consumo de \u00e1lcool destacou<\/p>\n<p>Entre os principais insights levantados pela pesquisa est\u00e3o:<\/p>\n<ul>\n<li class=\"unordered-list-item\"><strong>N\u00e3o h\u00e1 consumo totalmente seguro<\/strong> de \u00e1lcool do ponto de vista do risco de c\u00e2ncer<\/li>\n<li class=\"unordered-list-item\">Quanto <strong>maior a frequ\u00eancia e a quantidade, maior o risco<\/strong><\/li>\n<li class=\"unordered-list-item\">O tipo de bebida pode importar em alguns casos, com associa\u00e7\u00f5es mais frequentes entre certos c\u00e2nceres e o consumo de vinho branco ou cerveja<\/li>\n<li class=\"unordered-list-item\"><strong>Homens apresentam maior risco com consumo frequente<\/strong>, enquanto as mulheres s\u00e3o mais afetadas pelo consumo excessivo epis\u00f3dico<\/li>\n<li class=\"unordered-list-item\"><strong>Tabagismo potencializa os efeitos do \u00e1lcool<\/strong>, ampliando o risco de v\u00e1rios tipos de c\u00e2ncer<\/li>\n<li class=\"unordered-list-item\"><strong>Comorbidades e fatores de estilo de vida<\/strong>, como sedentarismo, alimenta\u00e7\u00e3o inadequada e infec\u00e7\u00f5es cr\u00f4nicas, intensificam os danos<\/li>\n<\/ul>\n<p>Fatores sociais \u00a0e estilo de vida<\/p>\n<p>O consumo elevado de \u00e1lcool mostrou aumentar de forma consistente o risco de c\u00e2ncer, com impacto mais acentuado entre pessoas pretas, indiv\u00edduos com predisposi\u00e7\u00e3o gen\u00e9tica, obesidade ou diabetes. <strong>Fatores como ra\u00e7a, idade, escolaridade e renda influenciam tanto a exposi\u00e7\u00e3o quanto a gravidade dos danos<\/strong>, fazendo com que grupos socioecon\u00f4micos mais baixos sofram impactos desproporcionais, mesmo quando consomem quantidades semelhantes ou menores de \u00e1lcool. Por outro lado, a modera\u00e7\u00e3o ou a abstin\u00eancia, associadas a h\u00e1bitos de vida saud\u00e1veis, estiveram ligadas a menor risco de c\u00e2ncer e mortalidade.\u00a0<\/p>\n<p>Na conclus\u00e3o, os autores afirmam que o consumo de \u00e1lcool \u00e9 um fator de risco consistente, evit\u00e1vel e modific\u00e1vel para o desenvolvimento de c\u00e2ncer em adultos nos Estados Unidos.\u00a0<\/p>\n<p>Embora frequ\u00eancia e quantidade sejam determinantes, <strong>o risco n\u00e3o pode ser explicado apenas pelo volume ingerido.<\/strong> <strong>Ele resulta da intera\u00e7\u00e3o entre fatores <\/strong>biol\u00f3gicos, comportamentais e sociais, como gen\u00e9tica, presen\u00e7a de comorbidades, tabagismo, condi\u00e7\u00f5es socioecon\u00f4micas e acesso aos servi\u00e7os de sa\u00fade. \u00a0<\/p>\n<p>Para os pesquisadores, a preven\u00e7\u00e3o do c\u00e2ncer relacionado ao \u00e1lcool exige mudan\u00e7as estruturais, com a integra\u00e7\u00e3o de a\u00e7\u00f5es para reduzir o consumo, promover estilos de vida saud\u00e1veis e enfrentar desigualdades sociais que ampliam o risco.<\/p>\n","protected":false},"excerpt":{"rendered":"Conforme a pesquisa, n\u00e3o h\u00e1 consumo totalmente seguro de \u00e1lcool. Um novo estudo refor\u00e7a o alerta sobre os&hellip;\n","protected":false},"author":2,"featured_media":197094,"comment_status":"","ping_status":"","sticky":false,"template":"","format":"standard","meta":{"footnotes":""},"categories":[86],"tags":[1776,116,32,33,117],"class_list":{"0":"post-197093","1":"post","2":"type-post","3":"status-publish","4":"format-standard","5":"has-post-thumbnail","7":"category-saude","8":"tag-cancer","9":"tag-health","10":"tag-portugal","11":"tag-pt","12":"tag-saude"},"share_on_mastodon":{"url":"https:\/\/pubeurope.com\/@pt\/115757867884696851","error":""},"_links":{"self":[{"href":"https:\/\/www.europesays.com\/pt\/wp-json\/wp\/v2\/posts\/197093","targetHints":{"allow":["GET"]}}],"collection":[{"href":"https:\/\/www.europesays.com\/pt\/wp-json\/wp\/v2\/posts"}],"about":[{"href":"https:\/\/www.europesays.com\/pt\/wp-json\/wp\/v2\/types\/post"}],"author":[{"embeddable":true,"href":"https:\/\/www.europesays.com\/pt\/wp-json\/wp\/v2\/users\/2"}],"replies":[{"embeddable":true,"href":"https:\/\/www.europesays.com\/pt\/wp-json\/wp\/v2\/comments?post=197093"}],"version-history":[{"count":0,"href":"https:\/\/www.europesays.com\/pt\/wp-json\/wp\/v2\/posts\/197093\/revisions"}],"wp:featuredmedia":[{"embeddable":true,"href":"https:\/\/www.europesays.com\/pt\/wp-json\/wp\/v2\/media\/197094"}],"wp:attachment":[{"href":"https:\/\/www.europesays.com\/pt\/wp-json\/wp\/v2\/media?parent=197093"}],"wp:term":[{"taxonomy":"category","embeddable":true,"href":"https:\/\/www.europesays.com\/pt\/wp-json\/wp\/v2\/categories?post=197093"},{"taxonomy":"post_tag","embeddable":true,"href":"https:\/\/www.europesays.com\/pt\/wp-json\/wp\/v2\/tags?post=197093"}],"curies":[{"name":"wp","href":"https:\/\/api.w.org\/{rel}","templated":true}]}}