{"id":197095,"date":"2025-12-21T13:47:18","date_gmt":"2025-12-21T13:47:18","guid":{"rendered":"https:\/\/www.europesays.com\/pt\/197095\/"},"modified":"2025-12-21T13:47:18","modified_gmt":"2025-12-21T13:47:18","slug":"inesperado-padrinho-de-liliana-e-fabio-mostra-se-cumplice-do-ex-noivo-ze-ca-fora-secret-story","status":"publish","type":"post","link":"https:\/\/www.europesays.com\/pt\/197095\/","title":{"rendered":"Inesperado! &#8220;Padrinho&#8221; de Liliana e Fabio mostra-se c\u00famplice do ex-noivo Z\u00e9: \u00abC\u00e1 fora&#8230;\u00bb &#8211; Secret Story"},"content":{"rendered":"<p><strong>Sandro foi o padrinho oficial do romance de <a href=\"https:\/\/tvi.iol.pt\/secretstory\/liliana\/fabio\/liliana-nao-pode-ter-filhos-com-fabio-e-ha-um-motivo-forte-pode-vir-com-uma-malformacao\" rel=\"nofollow noopener\" target=\"_blank\">Liliana e F\u00e1bio dentro da casa do Secret Story 9<\/a><\/strong><a href=\"https:\/\/tvi.iol.pt\/secretstory\/liliana\/fabio\/liliana-nao-pode-ter-filhos-com-fabio-e-ha-um-motivo-forte-pode-vir-com-uma-malformacao\" rel=\"nofollow noopener\" target=\"_blank\">,<\/a> mas c\u00e1 fora tem uma rela\u00e7\u00e3o pr\u00f3xima com<strong> Z\u00e9, o ex-noivo da concorrente<\/strong>. Prova disso \u00e9 a foto que partilhou ao lado do jovem nortenho, em que surgem agarrados e sorridentes.<\/p>\n<p>A partilha foi feita pelo ex-concorrente, na redes social X, este s\u00e1bado, 20 de dezembro. <strong>\u00abJogo \u00e9 jogo, vida pessoal \u00e9 outra coisa\u00bb,<\/strong> come\u00e7ou por escrever, na legenda daquela partilha, em que se mostra ao lado de Z\u00e9, Dylan, Marisa Susana, Rui e Joana, todos eles ex-concorrentes do reality show da TVI.<\/p>\n<p><strong>\u00abComenta-se a presta\u00e7\u00e3o dos jogadores que ainda est\u00e3o dentro, dos c\u00e1 de fora n\u00e3o existe mais nada a comentar, a n\u00e3o ser socializar com respeito e educa\u00e7\u00e3o. Vivam a vida\u00bb,<\/strong> acrescentou.<\/p>\n<p><strong>Pode ver tudo aqui:\u00a0<\/strong><\/p>\n<blockquote class=\"twitter-tweet\">\n<p lang=\"pt\">Jogo \u00e9 jogo, vida pessoal \u00e9 outra coisa. Comenta se a presta\u00e7\u00e3o dos jogadores que ainda est\u00e3o dentro, dos de c\u00e1 de fora n\u00e3o existe mais nada a comentar, a n\u00e3o ser socializar com respeito e educa\u00e7\u00e3o. Vivam a vida <a href=\"https:\/\/twitter.com\/hashtag\/sstvi?src=hash&amp;ref_src=twsrc%5Etfw\" rel=\"nofollow noopener\" target=\"_blank\">#sstvi<\/a> <a href=\"https:\/\/t.co\/dWgTapiF6W\" rel=\"nofollow\">pic.twitter.com\/dWgTapiF6W<\/a><\/p>\n<p> \u2014 Sandro Fernandes (@Sandrosstvi) <a href=\"https:\/\/twitter.com\/Sandrosstvi\/status\/2002342473448759585?ref_src=twsrc%5Etfw\" rel=\"nofollow noopener\" target=\"_blank\">December 20, 2025<\/a>\n<\/p><\/blockquote>\n<p>\u00a0<\/p>\n<p>\u00a0<\/p>\n<p>                        <script async src=\"https:\/\/platform.twitter.com\/widgets.js\" charset=\"utf-8\"><\/script><\/p>\n","protected":false},"excerpt":{"rendered":"Sandro foi o padrinho oficial do romance de Liliana e F\u00e1bio dentro da casa do Secret Story 9,&hellip;\n","protected":false},"author":2,"featured_media":197096,"comment_status":"","ping_status":"","sticky":false,"template":"","format":"standard","meta":{"footnotes":""},"categories":[85],"tags":[18706,114,115,18705,19082,19016,32,33,18704,975],"class_list":{"0":"post-197095","1":"post","2":"type-post","3":"status-publish","4":"format-standard","5":"has-post-thumbnail","7":"category-entretenimento","8":"tag-bastidores-secret-story","9":"tag-entertainment","10":"tag-entretenimento","11":"tag-entrevistas-concorrentes-tvi","12":"tag-fabio","13":"tag-liliana","14":"tag-portugal","15":"tag-pt","16":"tag-vida-fora-da-casa","17":"tag-ze"},"share_on_mastodon":{"url":"https:\/\/pubeurope.com\/@pt\/115757871622333792","error":""},"_links":{"self":[{"href":"https:\/\/www.europesays.com\/pt\/wp-json\/wp\/v2\/posts\/197095","targetHints":{"allow":["GET"]}}],"collection":[{"href":"https:\/\/www.europesays.com\/pt\/wp-json\/wp\/v2\/posts"}],"about":[{"href":"https:\/\/www.europesays.com\/pt\/wp-json\/wp\/v2\/types\/post"}],"author":[{"embeddable":true,"href":"https:\/\/www.europesays.com\/pt\/wp-json\/wp\/v2\/users\/2"}],"replies":[{"embeddable":true,"href":"https:\/\/www.europesays.com\/pt\/wp-json\/wp\/v2\/comments?post=197095"}],"version-history":[{"count":0,"href":"https:\/\/www.europesays.com\/pt\/wp-json\/wp\/v2\/posts\/197095\/revisions"}],"wp:featuredmedia":[{"embeddable":true,"href":"https:\/\/www.europesays.com\/pt\/wp-json\/wp\/v2\/media\/197096"}],"wp:attachment":[{"href":"https:\/\/www.europesays.com\/pt\/wp-json\/wp\/v2\/media?parent=197095"}],"wp:term":[{"taxonomy":"category","embeddable":true,"href":"https:\/\/www.europesays.com\/pt\/wp-json\/wp\/v2\/categories?post=197095"},{"taxonomy":"post_tag","embeddable":true,"href":"https:\/\/www.europesays.com\/pt\/wp-json\/wp\/v2\/tags?post=197095"}],"curies":[{"name":"wp","href":"https:\/\/api.w.org\/{rel}","templated":true}]}}