{"id":197099,"date":"2025-12-21T13:50:11","date_gmt":"2025-12-21T13:50:11","guid":{"rendered":"https:\/\/www.europesays.com\/pt\/197099\/"},"modified":"2025-12-21T13:50:11","modified_gmt":"2025-12-21T13:50:11","slug":"australia-ordena-auditoria-a-policia-e-servicos-secretos-apos-atentado-em-sydney","status":"publish","type":"post","link":"https:\/\/www.europesays.com\/pt\/197099\/","title":{"rendered":"Austr\u00e1lia ordena auditoria a pol\u00edcia e servi\u00e7os secretos ap\u00f3s atentado em Sydney"},"content":{"rendered":"<p>&#13;<br \/>\nO Governo vai verificar se disp\u00f5e das estruturas adequadas &#8220;para proteger os australianos ap\u00f3s o terr\u00edvel ataque terrorista antissemita na praia de Bondi&#8221;, afirmou Albanese em comunicado.&#13;\n<\/p>\n<p>&#13;<br \/>\nO ataque terrorista de domingo, quando se assinalava a festividade judaica Hanukkah,\u00a0foi realizado por dois homens com liga\u00e7\u00f5es ao grupo Estado Isl\u00e2mico, pai e filho, e foi o pior tiroteio do g\u00e9nero na Austr\u00e1lia em v\u00e1rias d\u00e9cadas.\u00a0&#13;\n<\/p>\n<p>&#13;<br \/>\nO pai foi abatido no local pela pol\u00edcia e o filho, de 24 anos, ficou ferido.\u00a0&#13;\n<\/p>\n<p>&#13;<br \/>\nO grupo terrorista Estado Isl\u00e2mico (EI) celebrou\u00a0na quinta-feira\u00a0ter inspirado o atentado\u00a0contra a comunidade judaica de Sydney, mas n\u00e3o reivindicou a autoria.\u00a0 <\/p>\n<p>          <img decoding=\"async\" itemprop=\"image\" class=\"img-fluid\"   src=\"https:\/\/www.europesays.com\/pt\/wp-content\/uploads\/2025\/12\/316a2d2fd306dd08325c39790acc3264_N.jpg\"\/><\/p>\n<p>&#13;<br \/>\nNa quarta-feira, a pol\u00edcia australiana apresentou 59 acusa\u00e7\u00f5es, incluindo 15 por homic\u00eddio e uma por terrorismo, contra Naveed Akram, o atacante sobrevivente.&#13;\n<\/p>\n<p>&#13;<br \/>\nA Equipa Conjunta de Combate ao Terrorismo de Nova Gales do Sul declarou que o acusado ficou sob cust\u00f3dia policial no hospital, onde permanece internado com ferimentos graves depois de sair do estado de coma.\u00a0&#13;\n<\/p>\n<p>&#13;<br \/>\nO ataque, que durou cerca de nove minutos, matou 15 pessoas, com idades entre os 10 e os 87 anos, e feriu outras 42.&#13;<\/p>\n","protected":false},"excerpt":{"rendered":"&#13; O Governo vai verificar se disp\u00f5e das estruturas adequadas &#8220;para proteger os australianos ap\u00f3s o terr\u00edvel ataque&hellip;\n","protected":false},"author":2,"featured_media":197100,"comment_status":"","ping_status":"","sticky":false,"template":"","format":"standard","meta":{"footnotes":""},"categories":[50],"tags":[38628,27,28,15,16,14,25,26,21,22,62,12,13,19,20,23,24,17,18,29,30,31,63,64,65],"class_list":{"0":"post-197099","1":"post","2":"type-post","3":"status-publish","4":"format-standard","5":"has-post-thumbnail","7":"category-mundo","8":"tag-bondi","9":"tag-breaking-news","10":"tag-breakingnews","11":"tag-featured-news","12":"tag-featurednews","13":"tag-headlines","14":"tag-latest-news","15":"tag-latestnews","16":"tag-main-news","17":"tag-mainnews","18":"tag-mundo","19":"tag-news","20":"tag-noticias","21":"tag-noticias-principais","22":"tag-noticiasprincipais","23":"tag-principais-noticias","24":"tag-principaisnoticias","25":"tag-top-stories","26":"tag-topstories","27":"tag-ultimas","28":"tag-ultimas-noticias","29":"tag-ultimasnoticias","30":"tag-world","31":"tag-world-news","32":"tag-worldnews"},"share_on_mastodon":{"url":"https:\/\/pubeurope.com\/@pt\/115757883622930412","error":""},"_links":{"self":[{"href":"https:\/\/www.europesays.com\/pt\/wp-json\/wp\/v2\/posts\/197099","targetHints":{"allow":["GET"]}}],"collection":[{"href":"https:\/\/www.europesays.com\/pt\/wp-json\/wp\/v2\/posts"}],"about":[{"href":"https:\/\/www.europesays.com\/pt\/wp-json\/wp\/v2\/types\/post"}],"author":[{"embeddable":true,"href":"https:\/\/www.europesays.com\/pt\/wp-json\/wp\/v2\/users\/2"}],"replies":[{"embeddable":true,"href":"https:\/\/www.europesays.com\/pt\/wp-json\/wp\/v2\/comments?post=197099"}],"version-history":[{"count":0,"href":"https:\/\/www.europesays.com\/pt\/wp-json\/wp\/v2\/posts\/197099\/revisions"}],"wp:featuredmedia":[{"embeddable":true,"href":"https:\/\/www.europesays.com\/pt\/wp-json\/wp\/v2\/media\/197100"}],"wp:attachment":[{"href":"https:\/\/www.europesays.com\/pt\/wp-json\/wp\/v2\/media?parent=197099"}],"wp:term":[{"taxonomy":"category","embeddable":true,"href":"https:\/\/www.europesays.com\/pt\/wp-json\/wp\/v2\/categories?post=197099"},{"taxonomy":"post_tag","embeddable":true,"href":"https:\/\/www.europesays.com\/pt\/wp-json\/wp\/v2\/tags?post=197099"}],"curies":[{"name":"wp","href":"https:\/\/api.w.org\/{rel}","templated":true}]}}