{"id":197103,"date":"2025-12-21T13:52:11","date_gmt":"2025-12-21T13:52:11","guid":{"rendered":"https:\/\/www.europesays.com\/pt\/197103\/"},"modified":"2025-12-21T13:52:11","modified_gmt":"2025-12-21T13:52:11","slug":"treinador-do-besiktas-arrasador-o-treino-do-rafa-silva-e-nota-zero-em-dez","status":"publish","type":"post","link":"https:\/\/www.europesays.com\/pt\/197103\/","title":{"rendered":"Treinador do Besiktas arrasador: \u00abO treino do Rafa Silva \u00e9 nota zero em dez\u00bb"},"content":{"rendered":"<p>O treinador do Besiktas, Sergen Yal\u00e7in, deixou cr\u00edticas \u00e0s presta\u00e7\u00f5es do futebolista portugu\u00eas Rafa Silva nos treinos, afirmando que, da forma como tudo se tem desenrolado na semana de trabalho, \u00abas portas n\u00e3o est\u00e3o abertas\u00bb para que o atleta jogue.<\/p>\n<p>Rafa Silva <a href=\"https:\/\/maisfutebol.iol.pt\/made-in\/besiktas\/rafa-volta-as-opcoes-mas-ve-do-banco-a-vitoria-do-besiktas\" target=\"_blank\" rel=\"nofollow noopener\"><strong>voltou \u00e0s op\u00e7\u00f5es no jogo deste s\u00e1bado, na vit\u00f3ria por 1-0 ante o Caykur Rizespor, em jogo da 17.\u00aa jornada da liga turca. Por\u00e9m, n\u00e3o saiu do banco de suplentes<\/strong><\/a>. O portugu\u00eas de 32 anos tem sido <a href=\"https:\/\/maisfutebol.iol.pt\/pesquisa?pesquisa=rafa+besiktas\" target=\"_blank\" rel=\"nofollow noopener\"><strong>caso no \u00faltimo m\u00eas na Turquia e h\u00e1 possibilidade de sair do clube<\/strong><\/a>. N\u00e3o joga desde 2 de novembro e, nos cinco jogos anteriores a este, nem sequer foi convocado.<\/p>\n<p>\u00abExplodiu uma bomba nas nossas m\u00e3os, no lugar que menos esper\u00e1vamos. Enfrent\u00e1mos o problema com Rafa Silva. Enquanto eu tentava segurar o jogador, a dizer para ele se esfor\u00e7ar, enquanto tentava n\u00e3o ter problemas, n\u00e3o perder o jogador ou os adeptos, a tentar ser gentil com este e aquele, a bomba explodiu nas minhas m\u00e3os\u00bb, referiu Sergen Yal\u00e7in, sobre o portugu\u00eas, ap\u00f3s o jogo, em declara\u00e7\u00f5es \u00e0 beIN Sports.<\/p>\n<p>\u00abN\u00e3o quero falar muito sobre o Rafa. O treino do Rafa Silva \u00e9 nota zero em dez. Se ele ficar durante a pausa e treinar connosco como um jogador de futebol, vamos abrir as nossas portas para ele. Mas, na situa\u00e7\u00e3o atual, as nossas portas n\u00e3o est\u00e3o abertas\u00bb, prosseguiu.<\/p>\n<p>\u00abQuando comecei o trabalho, eu sabia que ia ser dif\u00edcil, mas h\u00e1 um limite para o qu\u00e3o dif\u00edcil pode ser. Infelizmente, muitas coisas que n\u00e3o quer\u00edamos aconteceram connosco. Apesar disso, estamos a tentar manter-nos firmes. Vamos melhorar, vamos corrigir as coisas. Se os nossos adeptos confiarem em n\u00f3s, o jogo vai melhorar. Este n\u00e3o \u00e9 o Besiktas\u00bb, disse, ainda.<\/p>\n<p>Na confer\u00eancia de imprensa, Yal\u00e7in tamb\u00e9m abordou a situa\u00e7\u00e3o de Rafa Silva. \u00abEle est\u00e1 a treinar de acordo com o previsto no contrato. Se eu fosse a dar uma nota de zero a dez, daria zero. Al\u00e9m disso, seria prejudicial \u00e0 sa\u00fade dele se entrasse em campo agora. N\u00e3o podemos escal\u00e1-lo. N\u00e3o \u00e9 culpa nossa. Se ele treinar e se preparar, podemos avaliar. Como equipa, nunca vivenci\u00e1mos uma situa\u00e7\u00e3o como esta nas nossas carreiras como treinadores e n\u00e3o sabemos como resolv\u00ea-la. Ele \u00e9 o jogador mais caro da equipa. \u00c9 um jogador com qualidades extra, mas se n\u00e3o me \u00e9 \u00fatil, de que me serve?\u00bb, atirou o t\u00e9cnico.<\/p>\n","protected":false},"excerpt":{"rendered":"O treinador do Besiktas, Sergen Yal\u00e7in, deixou cr\u00edticas \u00e0s presta\u00e7\u00f5es do futebolista portugu\u00eas Rafa Silva nos treinos, afirmando&hellip;\n","protected":false},"author":2,"featured_media":85845,"comment_status":"","ping_status":"","sticky":false,"template":"","format":"standard","meta":{"footnotes":""},"categories":[8],"tags":[437,27,28,15,16,14,82,25,26,21,22,46,12,13,19,20,32,23,24,33,47,39430,21749,33022,17,18,2428,29,30,31],"class_list":{"0":"post-197103","1":"post","2":"type-post","3":"status-publish","4":"format-standard","5":"has-post-thumbnail","7":"category-principais-noticias","8":"tag-besiktas","9":"tag-breaking-news","10":"tag-breakingnews","11":"tag-featured-news","12":"tag-featurednews","13":"tag-headlines","14":"tag-internacional","15":"tag-latest-news","16":"tag-latestnews","17":"tag-main-news","18":"tag-mainnews","19":"tag-maisfutebol","20":"tag-news","21":"tag-noticias","22":"tag-noticias-principais","23":"tag-noticiasprincipais","24":"tag-portugal","25":"tag-principais-noticias","26":"tag-principaisnoticias","27":"tag-pt","28":"tag-pura-paixao","29":"tag-rafa-besiktas","30":"tag-rafa-silva","31":"tag-sergen-yalcin","32":"tag-top-stories","33":"tag-topstories","34":"tag-turquia","35":"tag-ultimas","36":"tag-ultimas-noticias","37":"tag-ultimasnoticias"},"share_on_mastodon":{"url":"https:\/\/pubeurope.com\/@pt\/115757891737724651","error":""},"_links":{"self":[{"href":"https:\/\/www.europesays.com\/pt\/wp-json\/wp\/v2\/posts\/197103","targetHints":{"allow":["GET"]}}],"collection":[{"href":"https:\/\/www.europesays.com\/pt\/wp-json\/wp\/v2\/posts"}],"about":[{"href":"https:\/\/www.europesays.com\/pt\/wp-json\/wp\/v2\/types\/post"}],"author":[{"embeddable":true,"href":"https:\/\/www.europesays.com\/pt\/wp-json\/wp\/v2\/users\/2"}],"replies":[{"embeddable":true,"href":"https:\/\/www.europesays.com\/pt\/wp-json\/wp\/v2\/comments?post=197103"}],"version-history":[{"count":0,"href":"https:\/\/www.europesays.com\/pt\/wp-json\/wp\/v2\/posts\/197103\/revisions"}],"wp:featuredmedia":[{"embeddable":true,"href":"https:\/\/www.europesays.com\/pt\/wp-json\/wp\/v2\/media\/85845"}],"wp:attachment":[{"href":"https:\/\/www.europesays.com\/pt\/wp-json\/wp\/v2\/media?parent=197103"}],"wp:term":[{"taxonomy":"category","embeddable":true,"href":"https:\/\/www.europesays.com\/pt\/wp-json\/wp\/v2\/categories?post=197103"},{"taxonomy":"post_tag","embeddable":true,"href":"https:\/\/www.europesays.com\/pt\/wp-json\/wp\/v2\/tags?post=197103"}],"curies":[{"name":"wp","href":"https:\/\/api.w.org\/{rel}","templated":true}]}}