{"id":197106,"date":"2025-12-21T13:57:10","date_gmt":"2025-12-21T13:57:10","guid":{"rendered":"https:\/\/www.europesays.com\/pt\/197106\/"},"modified":"2025-12-21T13:57:10","modified_gmt":"2025-12-21T13:57:10","slug":"a-protegida-oscar-e-isabel-bombardeiam-jd-com-informacao-e-fotografias-antigas-novelas","status":"publish","type":"post","link":"https:\/\/www.europesays.com\/pt\/197106\/","title":{"rendered":"A Protegida: \u00d3scar e Isabel bombardeiam JD com informa\u00e7\u00e3o e fotografias antigas &#8211; Novelas"},"content":{"rendered":"<p>Em \u00abA Protegida\u00bb, \u00d3scar (Joaquim Horta) e Isabel (Sara Barradas) mostram o turismo rural a JD (Pedro Sousa) e perguntam-lhe se n\u00e3o se lembra de nada. JD olha para tudo como se fosse a primeira vez e diz que n\u00e3o se lembra de nada. \u00d3scar mostra uma foto de Teresa (Sandra Faleiro) a JD, mas ele n\u00e3o se lembra dela e quer ir embora, pois come\u00e7a a achar que foi m\u00e1 ideia ter vindo com eles.<\/p>\n<p>\u00d3scar mostra-lhe uma foto do casamento e aquilo mexe mais com ele, mas come\u00e7a a ficar assoberbado com tudo e n\u00e3o quer ver, nem ouvir mais nada. \u00d3scar e Isabel j\u00e1 perceberam que n\u00e3o vale a pena bombardearem JD com informa\u00e7\u00e3o, j\u00e1 que isso s\u00f3 o est\u00e1 a deixar mais nervoso. \u00d3scar quer ligar a Mariana (Matilde Reym\u00e3o), pois acha que JD pode lembrar-se dela. Isabel preferia esperar at\u00e9 amanh\u00e3, mas \u00d3scar j\u00e1 est\u00e1 a ligar.<\/p>\n","protected":false},"excerpt":{"rendered":"Em \u00abA Protegida\u00bb, \u00d3scar (Joaquim Horta) e Isabel (Sara Barradas) mostram o turismo rural a JD (Pedro Sousa)&hellip;\n","protected":false},"author":2,"featured_media":197107,"comment_status":"","ping_status":"","sticky":false,"template":"","format":"standard","meta":{"footnotes":""},"categories":[142],"tags":[168,160,166,114,115,157,167,164,2931,161,158,165,159,32,33,156,163,151,162],"class_list":{"0":"post-197106","1":"post","2":"type-post","3":"status-publish","4":"format-standard","5":"has-post-thumbnail","7":"category-tv","8":"tag-a-protegida","9":"tag-ana-guiomar","10":"tag-cristina-ferreira","11":"tag-entertainment","12":"tag-entretenimento","13":"tag-festa-e-festa","14":"tag-ficcao","15":"tag-jose-fidalgo","16":"tag-novela","17":"tag-novelas","18":"tag-para-sempre","19":"tag-pedro-sousa","20":"tag-pedro-teixeira","21":"tag-portugal","22":"tag-pt","23":"tag-queridos-papas","24":"tag-tiago-teotonio-pereira","25":"tag-tv","26":"tag-tvi"},"share_on_mastodon":{"url":"https:\/\/pubeurope.com\/@pt\/115757910899328965","error":""},"_links":{"self":[{"href":"https:\/\/www.europesays.com\/pt\/wp-json\/wp\/v2\/posts\/197106","targetHints":{"allow":["GET"]}}],"collection":[{"href":"https:\/\/www.europesays.com\/pt\/wp-json\/wp\/v2\/posts"}],"about":[{"href":"https:\/\/www.europesays.com\/pt\/wp-json\/wp\/v2\/types\/post"}],"author":[{"embeddable":true,"href":"https:\/\/www.europesays.com\/pt\/wp-json\/wp\/v2\/users\/2"}],"replies":[{"embeddable":true,"href":"https:\/\/www.europesays.com\/pt\/wp-json\/wp\/v2\/comments?post=197106"}],"version-history":[{"count":0,"href":"https:\/\/www.europesays.com\/pt\/wp-json\/wp\/v2\/posts\/197106\/revisions"}],"wp:featuredmedia":[{"embeddable":true,"href":"https:\/\/www.europesays.com\/pt\/wp-json\/wp\/v2\/media\/197107"}],"wp:attachment":[{"href":"https:\/\/www.europesays.com\/pt\/wp-json\/wp\/v2\/media?parent=197106"}],"wp:term":[{"taxonomy":"category","embeddable":true,"href":"https:\/\/www.europesays.com\/pt\/wp-json\/wp\/v2\/categories?post=197106"},{"taxonomy":"post_tag","embeddable":true,"href":"https:\/\/www.europesays.com\/pt\/wp-json\/wp\/v2\/tags?post=197106"}],"curies":[{"name":"wp","href":"https:\/\/api.w.org\/{rel}","templated":true}]}}