{"id":197118,"date":"2025-12-21T14:07:26","date_gmt":"2025-12-21T14:07:26","guid":{"rendered":"https:\/\/www.europesays.com\/pt\/197118\/"},"modified":"2025-12-21T14:07:26","modified_gmt":"2025-12-21T14:07:26","slug":"joao-maria-jonet-trump-ja-nao-esta-empenhado-nesta-presidencia-a-nao-ser-para-fazer-salas-de-bailes-ou-por-coisas-douradas-na-sala-oval","status":"publish","type":"post","link":"https:\/\/www.europesays.com\/pt\/197118\/","title":{"rendered":"Jo\u00e3o Maria Jonet: \u201cTrump j\u00e1 n\u00e3o est\u00e1 empenhado nesta presid\u00eancia a n\u00e3o ser para fazer salas de bailes ou p\u00f4r coisas douradas na Sala Oval\u201d"},"content":{"rendered":"<p>O Conselho Europeu reuniu em Bruxelas os Chefes de Estado ou de Governo da Uni\u00e3o Europeia para discutir o refor\u00e7o do apoio \u00e0 Ucr\u00e2nia face \u00e0 agress\u00e3o russa, tendo alcan\u00e7ado um consenso para avan\u00e7ar com um empr\u00e9stimo de 90 mil milh\u00f5es de euros financiado por d\u00edvida comum e garantido pelo or\u00e7amento da Uni\u00e3o, assegurando a continuidade do apoio \u00e0s necessidades imediatas da defesa ucraniana, ao mesmo tempo que manteve o trabalho para a utiliza\u00e7\u00e3o dos ativos financeiros russos imobilizados e mandatou a Comiss\u00e3o Europeia para aprofundar os mecanismos t\u00e9cnicos e jur\u00eddicos desse processo. O Conselho abordou igualmente o futuro quadro financeiro plurianual, definindo a sua arquitetura e calend\u00e1rio, tendo Portugal reafirmado a defesa da pol\u00edtica de coes\u00e3o, da agricultura, das regi\u00f5es ultraperif\u00e9ricas e de um Fundo de Competitividade com uma distribui\u00e7\u00e3o equitativa, e analisou ainda o acordo comercial entre a Uni\u00e3o Europeia e o Mercosul, tendo sido alcan\u00e7ada uma pr\u00e9-decis\u00e3o que apontou para a sua concretiza\u00e7\u00e3o no in\u00edcio do pr\u00f3ximo ano. No Elefante da Sala em podcast, emitido a 20 de dezembro, junta-se a Ana Cavalieri e Jo\u00e3o Maria Jonet o especialista em assuntos europeus Ricardo Borges de Castro, para debater esta \u00faltima vota\u00e7\u00e3o no Conselho Europeu, os coment\u00e1rios de Vladimir Putin e a presid\u00eancia de Donald Trump.<\/p>\n<p class=\"category\"><a href=\"https:\/\/expresso.pt\/podcasts\/expresso-da-meia-noite\" rel=\"nofollow noopener\" target=\"_blank\">Expresso da Meia-Noite<\/a><\/p>\n<p class=\"follow-link\"><a href=\"https:\/\/expresso.pt\/podcasts\/expresso-da-meia-noite\/2025-12-20-os-90-mil-milhoes-para-a-ucrania-da-ue-sao-totalmente-insuficientes.-vai-haver-mais-divida-para-os-contribuintes-europeus-4fd28116\" rel=\"canonical nofollow noopener\" target=\"_blank\">Leia tamb\u00e9m<\/a><\/p>\n<p class=\"category\"><a href=\"https:\/\/expresso.pt\/podcasts\/governo-sombra\" rel=\"nofollow noopener\" target=\"_blank\">Programa Cujo Nome Estamos Legalmente Impedidos de Dizer<\/a><\/p>\n<p class=\"follow-link\"><a href=\"https:\/\/expresso.pt\/podcasts\/governo-sombra\/2025-12-20-a-prenda-spinumviva-spinummorta-b0ac71ac\" rel=\"canonical nofollow noopener\" target=\"_blank\">Leia tamb\u00e9m<\/a><\/p>\n<p>Depois do podcast Decis\u00e3o Am\u00e9rica, chega o Elefante na Sala, com a an\u00e1lise e todas as novidades sobre a pol\u00edtica americana, com Ana Cavalieri e Jo\u00e3o Maria Jonet.<\/p>\n","protected":false},"excerpt":{"rendered":"O Conselho Europeu reuniu em Bruxelas os Chefes de Estado ou de Governo da Uni\u00e3o Europeia para discutir&hellip;\n","protected":false},"author":2,"featured_media":107344,"comment_status":"","ping_status":"","sticky":false,"template":"","format":"standard","meta":{"footnotes":""},"categories":[8],"tags":[27,28,15,16,14,25,26,21,22,12,13,19,20,32,23,24,33,17,18,29,30,31],"class_list":{"0":"post-197118","1":"post","2":"type-post","3":"status-publish","4":"format-standard","5":"has-post-thumbnail","7":"category-principais-noticias","8":"tag-breaking-news","9":"tag-breakingnews","10":"tag-featured-news","11":"tag-featurednews","12":"tag-headlines","13":"tag-latest-news","14":"tag-latestnews","15":"tag-main-news","16":"tag-mainnews","17":"tag-news","18":"tag-noticias","19":"tag-noticias-principais","20":"tag-noticiasprincipais","21":"tag-portugal","22":"tag-principais-noticias","23":"tag-principaisnoticias","24":"tag-pt","25":"tag-top-stories","26":"tag-topstories","27":"tag-ultimas","28":"tag-ultimas-noticias","29":"tag-ultimasnoticias"},"share_on_mastodon":{"url":"https:\/\/pubeurope.com\/@pt\/115757950375136296","error":""},"_links":{"self":[{"href":"https:\/\/www.europesays.com\/pt\/wp-json\/wp\/v2\/posts\/197118","targetHints":{"allow":["GET"]}}],"collection":[{"href":"https:\/\/www.europesays.com\/pt\/wp-json\/wp\/v2\/posts"}],"about":[{"href":"https:\/\/www.europesays.com\/pt\/wp-json\/wp\/v2\/types\/post"}],"author":[{"embeddable":true,"href":"https:\/\/www.europesays.com\/pt\/wp-json\/wp\/v2\/users\/2"}],"replies":[{"embeddable":true,"href":"https:\/\/www.europesays.com\/pt\/wp-json\/wp\/v2\/comments?post=197118"}],"version-history":[{"count":0,"href":"https:\/\/www.europesays.com\/pt\/wp-json\/wp\/v2\/posts\/197118\/revisions"}],"wp:featuredmedia":[{"embeddable":true,"href":"https:\/\/www.europesays.com\/pt\/wp-json\/wp\/v2\/media\/107344"}],"wp:attachment":[{"href":"https:\/\/www.europesays.com\/pt\/wp-json\/wp\/v2\/media?parent=197118"}],"wp:term":[{"taxonomy":"category","embeddable":true,"href":"https:\/\/www.europesays.com\/pt\/wp-json\/wp\/v2\/categories?post=197118"},{"taxonomy":"post_tag","embeddable":true,"href":"https:\/\/www.europesays.com\/pt\/wp-json\/wp\/v2\/tags?post=197118"}],"curies":[{"name":"wp","href":"https:\/\/api.w.org\/{rel}","templated":true}]}}