{"id":197119,"date":"2025-12-21T14:08:29","date_gmt":"2025-12-21T14:08:29","guid":{"rendered":"https:\/\/www.europesays.com\/pt\/197119\/"},"modified":"2025-12-21T14:08:29","modified_gmt":"2025-12-21T14:08:29","slug":"renata-lo-prete-quebra-o-protocolo-ao-cantar-no-karaoke-em-festa-da-firma-assista-ao-video","status":"publish","type":"post","link":"https:\/\/www.europesays.com\/pt\/197119\/","title":{"rendered":"Renata Lo Prete quebra o protocolo ao cantar no karaok\u00ea em festa da firma. Assista ao v\u00eddeo"},"content":{"rendered":"<p>A apresentadora <strong>Renata Lo Prete<\/strong>, que comanda o Jornal da Globo, deixou o jeito discreto de lado para se jogar na divers\u00e3o durante a festa da firma. Ela e seus colegas de trabalho se divertiram em um karaok\u00ea durante a confraterniza\u00e7\u00e3o de final de ano. Inclusive, ela cantou e dan\u00e7ou.<\/p>\n<p>Em um v\u00eddeo nas redes sociais, a comunicadora cantou a m\u00fasica Renata, do cantor Latino, em um bar de S\u00e3o Paulo. Nas imagens, ela mostrou o seu lado divertido e descontra\u00eddo ao brincar com os colegas.<\/p>\n<p>\u201cKaraok\u00ea de fim de ano, full exposure: Renatas e Renatos (somos 4, maior bancada do JG!) sobem ao palco pra homenagear a xar\u00e1 ingrata como se n\u00e3o houvesse amanh\u00e3. N\u00e3o fomos expulsos e podemos provar\u201d, disse ela na legenda.<\/p>\n<blockquote class=\"instagram-media\" style=\"background: #FFF; border: 0; border-radius: 3px; box-shadow: 0 0 1px 0 rgba(0,0,0,0.5),0 1px 10px 0 rgba(0,0,0,0.15); margin: 1px; max-width: 540px; min-width: 326px; padding: 0; width: calc(100% - 2px);\" data-instgrm-captioned=\"\" data-instgrm-permalink=\"https:\/\/www.instagram.com\/reel\/DSdbTCGkkuS\/?utm_source=ig_embed&amp;utm_campaign=loading\" data-instgrm-version=\"14\"><\/blockquote>\n<blockquote class=\"instagram-media\" style=\"background: #FFF; border: 0; border-radius: 3px; box-shadow: 0 0 1px 0 rgba(0,0,0,0.5),0 1px 10px 0 rgba(0,0,0,0.15); margin: 1px; max-width: 540px; min-width: 326px; padding: 0; width: calc(100% - 2px);\" data-instgrm-captioned=\"\" data-instgrm-permalink=\"https:\/\/www.instagram.com\/p\/DSdZkVPErIk\/?utm_source=ig_embed&amp;utm_campaign=loading\" data-instgrm-version=\"14\"><\/blockquote>\n<p>  Conhe\u00e7a os filhos de Renata Lo Prete: <\/p>\n<p>A jornalista<a href=\"https:\/\/caras.com.br\/tv\/filhos-de-renata-lo-prete-surgem-na-tv-em-rara-aparicao-e-surpreendem-mae.phtml\" target=\"_blank\" rel=\"noopener nofollow\"> Renata Lo Prete foi surpreendida com depoimentos dos seus dois filhos<\/a>, Joaquim e Antonia, no programa Doming\u00e3o com Huck, da Globo. Ela foi jurada da Dan\u00e7a dos Famosos e ouviu os depoimentos dos herdeiros em uma homenagem na grava\u00e7\u00e3o da atra\u00e7\u00e3o.<\/p>\n<p>Nos v\u00eddeos, os dois falaram sobre o que mais admiram na m\u00e3e em uma rar\u00edssima apari\u00e7\u00e3o na TV, j\u00e1 que a m\u00e3e deles \u00e9 muito discreta com a vida pessoal e quase n\u00e3o aparece com os filhos. \u201cMe perguntaram como \u00e9 voc\u00ea no dia a dia e eu n\u00e3o consigo n\u00e3o destacar a disciplina para tudo, para o sono, a alimenta\u00e7\u00e3o, a gin\u00e1stica, o trabalho, o que \u00e9 importante para voc\u00ea se manter firme para seguir batalhando o seu espa\u00e7o, fazendo o que te faz feliz, que \u00e9 escutar, apurar, explicar, tudo que faz parte do ritual do bom jornalismo. N\u00e3o teve como ter crescido como exemplo dela e de alguma forma n\u00e3o ter sido muito incentivado na minha vida profissional para buscar algo que fa\u00e7a sentido e que me realize de uma forma parecida com o que o jornalismo faz com a Renata\u201d, disse Joaquim.<\/p>\n<p>Logo depois, Antonia tamb\u00e9m falou sobre uma caracter\u00edstica da personalidade da m\u00e3e. \u201cO que eu julgo talvez ser a sua melhor qualidade, que \u00e9 a sua capacidade de escuta. E dela n\u00e3o s\u00f3 saem boas entrevistas como saem principalmente excelentes conversas. E hoje morando fora, fazendo faculdade aqui, justamente trocando ideia pelas v\u00eddeocall no zap que a gente se mant\u00e9m juntas, meia-noite se for preciso, e conectadas. A gente fala desde reelei\u00e7\u00e3o na Turquia ao novo \u00e1lbum da Beyonc\u00e9. O dia \u00e9 curto, mas o amor \u00e9 grande\u201d, declarou.<\/p>\n<p>No est\u00fadio do Doming\u00e3o, Renata ficou comovida com a homenagem dos filhos e disse poucas palavras. \u201cAgora eu perdi a fala. Foram os amores da minha vida. Eu aprendo um monte com eles. Joaquim, antonia, tudo vale a pena por causa de voc\u00eas\u201d, afirmou.<\/p>\n<p><img loading=\"lazy\" decoding=\"async\" alt=\"Renata Lo Prete recebe homenagem dos filhos em rara apari\u00e7\u00e3o deles na TV\" width=\"778\" height=\"407\" class=\"img-fluid lazy\" src=\"https:\/\/www.europesays.com\/pt\/wp-content\/uploads\/2025\/12\/renata-lo-prete-filhos-1.jpg\"\/><\/p>\n<p><img loading=\"lazy\" decoding=\"async\" alt=\"Renata Lo Prete recebe homenagem dos filhos em rara apari\u00e7\u00e3o deles na TV\" width=\"778\" height=\"407\" class=\"img-fluid lazy\" src=\"https:\/\/www.europesays.com\/pt\/wp-content\/uploads\/2025\/12\/renata-lo-prete-filhos-9.jpg\"\/><\/p>\n<p>        <a href=\"https:\/\/caras.com.br\/autor\/priscilla-comoti\" rel=\"nofollow noopener\" target=\"_blank\">&#13;<br \/>\n          <img alt=\"Priscilla Comoti\" src=\"https:\/\/www.europesays.com\/pt\/wp-content\/uploads\/2025\/12\/1766326109_94_e53883bdf02c542f6517b68879e8cb08b27a1d55c4dfd53577e47d3ab6331a06\"  class=\"avatar avatar-115 photo rounded-circle mr-3\" height=\"115\" width=\"115\" loading=\"lazy\" decoding=\"async\"\/>        <\/a><\/p>\n<p>Priscilla Comoti \u00e9 editora de conte\u00fado do site CARAS. Ela \u00e9 formada em jornalismo e em audiovisual, j\u00e1 passou pelos sites Contigo!, Minha Novela, TiTiTi, Mais Novela e Portal M\u00e1rcia Piovesan. Escreve sobre celebridades, not\u00edcias sobre a fam\u00edlia real brit\u00e2nica, TV, reality show e novelas.<\/p>\n<p>\t                                            <script async src=\"\/\/www.instagram.com\/embed.js\"><\/script><\/p>\n","protected":false},"excerpt":{"rendered":"A apresentadora Renata Lo Prete, que comanda o Jornal da Globo, deixou o jeito discreto de lado para&hellip;\n","protected":false},"author":2,"featured_media":197120,"comment_status":"","ping_status":"","sticky":false,"template":"","format":"standard","meta":{"footnotes":""},"categories":[145],"tags":[211,210,114,115,37112,32,33,39246],"class_list":{"0":"post-197119","1":"post","2":"type-post","3":"status-publish","4":"format-standard","5":"has-post-thumbnail","7":"category-celebridades","8":"tag-celebridades","9":"tag-celebrities","10":"tag-entertainment","11":"tag-entretenimento","12":"tag-karaoke","13":"tag-portugal","14":"tag-pt","15":"tag-renata-lo-prete"},"share_on_mastodon":{"url":"https:\/\/pubeurope.com\/@pt\/115757954398507056","error":""},"_links":{"self":[{"href":"https:\/\/www.europesays.com\/pt\/wp-json\/wp\/v2\/posts\/197119","targetHints":{"allow":["GET"]}}],"collection":[{"href":"https:\/\/www.europesays.com\/pt\/wp-json\/wp\/v2\/posts"}],"about":[{"href":"https:\/\/www.europesays.com\/pt\/wp-json\/wp\/v2\/types\/post"}],"author":[{"embeddable":true,"href":"https:\/\/www.europesays.com\/pt\/wp-json\/wp\/v2\/users\/2"}],"replies":[{"embeddable":true,"href":"https:\/\/www.europesays.com\/pt\/wp-json\/wp\/v2\/comments?post=197119"}],"version-history":[{"count":0,"href":"https:\/\/www.europesays.com\/pt\/wp-json\/wp\/v2\/posts\/197119\/revisions"}],"wp:featuredmedia":[{"embeddable":true,"href":"https:\/\/www.europesays.com\/pt\/wp-json\/wp\/v2\/media\/197120"}],"wp:attachment":[{"href":"https:\/\/www.europesays.com\/pt\/wp-json\/wp\/v2\/media?parent=197119"}],"wp:term":[{"taxonomy":"category","embeddable":true,"href":"https:\/\/www.europesays.com\/pt\/wp-json\/wp\/v2\/categories?post=197119"},{"taxonomy":"post_tag","embeddable":true,"href":"https:\/\/www.europesays.com\/pt\/wp-json\/wp\/v2\/tags?post=197119"}],"curies":[{"name":"wp","href":"https:\/\/api.w.org\/{rel}","templated":true}]}}