{"id":197123,"date":"2025-12-21T14:18:08","date_gmt":"2025-12-21T14:18:08","guid":{"rendered":"https:\/\/www.europesays.com\/pt\/197123\/"},"modified":"2025-12-21T14:18:08","modified_gmt":"2025-12-21T14:18:08","slug":"scarlett-johansson-pode-virar-a-vila-mais-inesperada-de-batman-2","status":"publish","type":"post","link":"https:\/\/www.europesays.com\/pt\/197123\/","title":{"rendered":"Scarlett Johansson pode virar a vil\u00e3 mais inesperada de Batman 2"},"content":{"rendered":"<p>Scarlett Johansson pode estar prestes a dar um passo inesperado dentro do universo da <a href=\"https:\/\/tangerina.uol.com.br\/filmes-series\/esse-e-o-ator-escolhido-por-james-gunn-para-interpretar-brainiac-em-superman-2\/\" target=\"_blank\" rel=\"noreferrer noopener nofollow\">DC<\/a>. A atriz, conhecida mundialmente por viver a Vi\u00fava Negra no <a href=\"https:\/\/tangerina.uol.com.br\/filmes-series\/ordem-cronologica-marvel\/\" target=\"_blank\" rel=\"noreferrer noopener nofollow\">MCU (Universo Cinematogr\u00e1fico da Marvel)<\/a>, est\u00e1 em negocia\u00e7\u00f5es para integrar o elenco de <strong>The Batman: Parte 2<\/strong>. A sequ\u00eancia dirigida por Matt Reeves est\u00e1 prevista para chegar aos cinemas em 2027. Embora o est\u00fadio ainda n\u00e3o tenha confirmado oficialmente a escala\u00e7\u00e3o, o rumor j\u00e1 movimenta teorias entre f\u00e3s e leitores de quadrinhos.<\/p>\n<p>Segundo o The InSneider, Scarlett Johansson estaria cotada para interpretar Gilda Gold, personagem pouco explorada nas adapta\u00e7\u00f5es para o cinema, mas bastante conhecida entre os leitores da DC. Nos quadrinhos, ela \u00e9 a esposa de Harvey Dent, promotor de justi\u00e7a que mais tarde se transforma no vil\u00e3o Duas Caras, figura central em hist\u00f3rias que exploram corrup\u00e7\u00e3o, crime organizado e a fragilidade moral de Gotham.<\/p>\n<p>A personagem ganhou destaque principalmente na saga O Longo Dia das Bruxas, um dos arcos mais celebrados do Batman. Na trama, uma s\u00e9rie de assassinatos acontece em datas comemorativas, abalando o submundo do crime e intensificando a guerra entre fam\u00edlias mafiosas. Ao longo da hist\u00f3ria, Gilda \u00e9 associada de forma amb\u00edgua \u00e0 identidade do assassino conhecido como Holiday, o que adiciona camadas psicol\u00f3gicas e morais \u00e0 narrativa.<\/p>\n<p>No entanto, tudo indica que Matt Reeves n\u00e3o pretende adaptar diretamente essa saga. O universo estabelecido em <a href=\"https:\/\/www.hbomax.com\/movies\/dfa50804-e6f6-4fa2-a732-693dbc50527b?utm_source=universal_search\" target=\"_blank\" rel=\"noreferrer noopener nofollow\">The Batman (2022)<\/a> e aprofundado em <a href=\"https:\/\/tangerina.uol.com.br\/filmes-series\/7-atrizes-elevaram-personagens-marvel-e-dc\/\" target=\"_blank\" rel=\"noreferrer noopener nofollow\">O Pinguim (2024)<\/a> j\u00e1 eliminou ou prendeu figuras-chave do arco original, como Carmine Falcone e Alberto Falcone. Isso abre espa\u00e7o para que Gilda seja reinterpretada, mantendo a ess\u00eancia da personagem, mas inserida em um contexto narrativo completamente novo.<\/p>\n<p><img alt=\"Robert Pattinson em cena de The Batman\" src=\"data:image\/gif;base64,R0lGODlhAQABAIAAAAAAAP\/\/\/yH5BAEAAAAALAAAAAABAAEAAAIBRAA7\" decoding=\"async\" style=\"position:absolute;top:0;left:0;bottom:0;right:0;box-sizing:border-box;padding:0;border:none;margin:auto;display:block;width:0;height:0;min-width:100%;max-width:100%;min-height:100%;max-height:100%\"\/><\/p>\n<p font-weight=\"500\" font-size=\"14px\" class=\"style__Typo-sc-1e1gvva-0 ezCJRb\">Robert Pattinson em cena de The Batman<\/p>\n<p font-weight=\"300\" font-size=\"14px\" class=\"style__Typo-sc-1e1gvva-0 fvAQOT\">(Foto: Divulga\u00e7\u00e3o\/Warner Bros.)<\/p>\n<p>Scarlett Johansson seria perfeita para o papel<\/p>\n<p>Dentro desse cen\u00e1rio, a poss\u00edvel vilania de Gilda pode surgir de forma mais silenciosa e estrat\u00e9gica. Com Oz Cobb, vivido por Colin Farrell, consolidado como o novo chef\u00e3o do crime em Gotham, a personagem de Scarlett Johansson poderia atuar nos bastidores, explorando fissuras pol\u00edticas, judiciais e emocionais da cidade. A abordagem dialoga com o tom realista e sombrio que Reeves vem construindo desde o primeiro filme.<\/p>\n<p>Outro ponto que refor\u00e7a essa possibilidade \u00e9 o hist\u00f3rico do universo de The Batman em destacar personagens femininas fortes e complexas. Selina Kyle (Zo\u00eb Kravitz) buscou vingan\u00e7a e justi\u00e7a \u00e0 sua maneira, enquanto Sofia Falcone (Cristin Milioti) ganhou protagonismo ao confrontar o legado criminoso da fam\u00edlia. Gilda Gold se encaixa naturalmente nessa linha, podendo se tornar uma antagonista t\u00e3o imprevis\u00edvel quanto perigosa.<\/p>\n<p>Caso o rumor se confirme, Scarlett Johansson pode entregar uma das performances mais diferentes de sua carreira recente, distante do hero\u00edsmo tradicional e mergulhada em ambiguidades morais. The Batman: Parte 2 segue cercado de mist\u00e9rio, mas a poss\u00edvel entrada da atriz refor\u00e7a a ideia de que a sequ\u00eancia pretende expandir Gotham n\u00e3o apenas com novos vil\u00f5es, mas com personagens capazes de redefinir os limites entre justi\u00e7a e corrup\u00e7\u00e3o.<\/p>\n","protected":false},"excerpt":{"rendered":"Scarlett Johansson pode estar prestes a dar um passo inesperado dentro do universo da DC. A atriz, conhecida&hellip;\n","protected":false},"author":2,"featured_media":197124,"comment_status":"","ping_status":"","sticky":false,"template":"","format":"standard","meta":{"footnotes":""},"categories":[140],"tags":[1948,2945,114,115,147,148,146,32,33],"class_list":{"0":"post-197123","1":"post","2":"type-post","3":"status-publish","4":"format-standard","5":"has-post-thumbnail","7":"category-filmes","8":"tag-batman","9":"tag-dc","10":"tag-entertainment","11":"tag-entretenimento","12":"tag-film","13":"tag-filmes","14":"tag-movies","15":"tag-portugal","16":"tag-pt"},"share_on_mastodon":{"url":"https:\/\/pubeurope.com\/@pt\/115757993776484251","error":""},"_links":{"self":[{"href":"https:\/\/www.europesays.com\/pt\/wp-json\/wp\/v2\/posts\/197123","targetHints":{"allow":["GET"]}}],"collection":[{"href":"https:\/\/www.europesays.com\/pt\/wp-json\/wp\/v2\/posts"}],"about":[{"href":"https:\/\/www.europesays.com\/pt\/wp-json\/wp\/v2\/types\/post"}],"author":[{"embeddable":true,"href":"https:\/\/www.europesays.com\/pt\/wp-json\/wp\/v2\/users\/2"}],"replies":[{"embeddable":true,"href":"https:\/\/www.europesays.com\/pt\/wp-json\/wp\/v2\/comments?post=197123"}],"version-history":[{"count":0,"href":"https:\/\/www.europesays.com\/pt\/wp-json\/wp\/v2\/posts\/197123\/revisions"}],"wp:featuredmedia":[{"embeddable":true,"href":"https:\/\/www.europesays.com\/pt\/wp-json\/wp\/v2\/media\/197124"}],"wp:attachment":[{"href":"https:\/\/www.europesays.com\/pt\/wp-json\/wp\/v2\/media?parent=197123"}],"wp:term":[{"taxonomy":"category","embeddable":true,"href":"https:\/\/www.europesays.com\/pt\/wp-json\/wp\/v2\/categories?post=197123"},{"taxonomy":"post_tag","embeddable":true,"href":"https:\/\/www.europesays.com\/pt\/wp-json\/wp\/v2\/tags?post=197123"}],"curies":[{"name":"wp","href":"https:\/\/api.w.org\/{rel}","templated":true}]}}