{"id":197131,"date":"2025-12-21T14:24:12","date_gmt":"2025-12-21T14:24:12","guid":{"rendered":"https:\/\/www.europesays.com\/pt\/197131\/"},"modified":"2025-12-21T14:24:12","modified_gmt":"2025-12-21T14:24:12","slug":"putin-diz-estar-pronto-para-dialogar-com-macron","status":"publish","type":"post","link":"https:\/\/www.europesays.com\/pt\/197131\/","title":{"rendered":"Putin diz estar &#8220;pronto para dialogar&#8221; com Macron"},"content":{"rendered":"<p data-remotead-prev-elm=\"true\" data-remotead-elm-id=\"inread\">&#8220;Macron disse que estava pronto para falar com Putin. \u00c9 provavelmente muito importante recordar o que o presidente disse durante a &#8216;Linha Direta&#8217; [entrevista anual a Putin]. Ele tamb\u00e9m expressou o facto de estar pronto para dialogar com Macron&#8221;, explicou Dmitry Peskov.<\/p>\n<p>O porta-voz referia-se a uma declara\u00e7\u00e3o de Emmanuel Macron na sexta-feira de manh\u00e3 em Bruxelas, no final da cimeira em que a Uni\u00e3o Europeia chegou a um acordo para desbloquear um empr\u00e9stimo de 90 mil milh\u00f5es de euros para apoiar a Ucr\u00e2nia.<\/p>\n<p>&#8220;Penso que vai voltar a ser \u00fatil falar com Vladimir Putin&#8221;, disse o presidente franc\u00eas \u00e0 imprensa. &#8220;Constato que h\u00e1 pessoas que falam com Vladimir Putin&#8221;, acrescentou, referindo-se ao presidente norte-americano, Donald Trump, que retomou o di\u00e1logo com o hom\u00f3logo russo.<\/p>\n<p data-remotead-prev-elm=\"true\" data-remotead-elm-id=\"centro1\">&#8220;Por isso, penso que n\u00f3s, europeus e ucranianos, temos interesse em encontrar o enquadramento para retomar esta discuss\u00e3o de forma adequada. Caso contr\u00e1rio, discutimos entre n\u00f3s com negociadores que v\u00e3o sozinhos discutir com os russos, o que n\u00e3o \u00e9 o ideal&#8221;, insistiu Macron.<\/p>\n<p>Emiss\u00e1rios de Donald Trump est\u00e3o a levar a cabo uma s\u00e9rie de negocia\u00e7\u00f5es separadas, com Moscovo, por um lado, e com os ucranianos e europeus, por outro, na esperan\u00e7a de chegar a um acordo sobre o conflito na Ucr\u00e2nia.<\/p>\n<p>Negociadores ucranianos, europeus e norte-americanos est\u00e3o reunidos este fim de semana em Miami, na Florida, para essas discuss\u00f5es conduzidas por Steve Witkoff, enviado especial de Donald Trump, e Jared Kushner, genro do presidente dos Estados Unidos.<\/p>\n<p data-remotead-prev-elm=\"true\" data-remotead-elm-id=\"centro2\">O emiss\u00e1rio russo, Kirill Dmitriev, tamb\u00e9m se encontra em Miami desde s\u00e1bado.<\/p>\n<p>O presidente ucraniano, Volodymyr Zelensky, apelou no s\u00e1bado a Washington para que aumente a press\u00e3o sobre Moscovo, com vista a um acordo para p\u00f4r fim ao conflito desencadeado pela invas\u00e3o russa da Ucr\u00e2nia em fevereiro de 2022.<\/p>\n","protected":false},"excerpt":{"rendered":"&#8220;Macron disse que estava pronto para falar com Putin. \u00c9 provavelmente muito importante recordar o que o presidente&hellip;\n","protected":false},"author":2,"featured_media":197132,"comment_status":"","ping_status":"","sticky":false,"template":"","format":"standard","meta":{"footnotes":""},"categories":[50],"tags":[27,28,447,15,16,208,889,14,25,26,21,22,62,12,13,19,20,23,24,839,17,18,29,30,31,2415,63,64,65],"class_list":{"0":"post-197131","1":"post","2":"type-post","3":"status-publish","4":"format-standard","5":"has-post-thumbnail","7":"category-mundo","8":"tag-breaking-news","9":"tag-breakingnews","10":"tag-emmanuel-macron","11":"tag-featured-news","12":"tag-featurednews","13":"tag-franca","14":"tag-guerra-na-ucrania","15":"tag-headlines","16":"tag-latest-news","17":"tag-latestnews","18":"tag-main-news","19":"tag-mainnews","20":"tag-mundo","21":"tag-news","22":"tag-noticias","23":"tag-noticias-principais","24":"tag-noticiasprincipais","25":"tag-principais-noticias","26":"tag-principaisnoticias","27":"tag-russia","28":"tag-top-stories","29":"tag-topstories","30":"tag-ultimas","31":"tag-ultimas-noticias","32":"tag-ultimasnoticias","33":"tag-vladimir-putin","34":"tag-world","35":"tag-world-news","36":"tag-worldnews"},"share_on_mastodon":{"url":"https:\/\/pubeurope.com\/@pt\/115758016947663383","error":""},"_links":{"self":[{"href":"https:\/\/www.europesays.com\/pt\/wp-json\/wp\/v2\/posts\/197131","targetHints":{"allow":["GET"]}}],"collection":[{"href":"https:\/\/www.europesays.com\/pt\/wp-json\/wp\/v2\/posts"}],"about":[{"href":"https:\/\/www.europesays.com\/pt\/wp-json\/wp\/v2\/types\/post"}],"author":[{"embeddable":true,"href":"https:\/\/www.europesays.com\/pt\/wp-json\/wp\/v2\/users\/2"}],"replies":[{"embeddable":true,"href":"https:\/\/www.europesays.com\/pt\/wp-json\/wp\/v2\/comments?post=197131"}],"version-history":[{"count":0,"href":"https:\/\/www.europesays.com\/pt\/wp-json\/wp\/v2\/posts\/197131\/revisions"}],"wp:featuredmedia":[{"embeddable":true,"href":"https:\/\/www.europesays.com\/pt\/wp-json\/wp\/v2\/media\/197132"}],"wp:attachment":[{"href":"https:\/\/www.europesays.com\/pt\/wp-json\/wp\/v2\/media?parent=197131"}],"wp:term":[{"taxonomy":"category","embeddable":true,"href":"https:\/\/www.europesays.com\/pt\/wp-json\/wp\/v2\/categories?post=197131"},{"taxonomy":"post_tag","embeddable":true,"href":"https:\/\/www.europesays.com\/pt\/wp-json\/wp\/v2\/tags?post=197131"}],"curies":[{"name":"wp","href":"https:\/\/api.w.org\/{rel}","templated":true}]}}