{"id":197141,"date":"2025-12-21T14:33:11","date_gmt":"2025-12-21T14:33:11","guid":{"rendered":"https:\/\/www.europesays.com\/pt\/197141\/"},"modified":"2025-12-21T14:33:11","modified_gmt":"2025-12-21T14:33:11","slug":"mbappe-igualou-ronaldo-imitou-festejo-e-o-portugues-reagiu-assim","status":"publish","type":"post","link":"https:\/\/www.europesays.com\/pt\/197141\/","title":{"rendered":"Mbapp\u00e9 igualou Ronaldo, imitou festejo e o portugu\u00eas reagiu assim"},"content":{"rendered":"<p>Cristiano Ronaldo n\u00e3o deixou passar <a href=\"https:\/\/maisfutebol.iol.pt\/real-madrid\/espanha\/video-real-madrid-vence-sevilha-e-mbappe-iguala-recorde-de-ronaldo\" target=\"_blank\" rel=\"nofollow noopener\"><strong>a marca que Kylian Mbapp\u00e9 igualou no s\u00e1bado<\/strong><\/a> com o portugu\u00eas (59 golos num ano civil pelo Real Madrid) e reagiu na manh\u00e3 deste domingo ao feito.<\/p>\n<p>Em resposta \u00e0 publica\u00e7\u00e3o de Mbapp\u00e9 na rede social Instagram, Ronaldo reagiu com dois emojis: um de palmas e outro de fogo, na publica\u00e7\u00e3o de Mbapp\u00e9 que tem tr\u00eas fotografias: duas a festejar o golo da mesma forma que Ronaldo festeja, al\u00e9m de uma fotografia antiga de ambos, quando o franc\u00eas (j\u00e1 vestido \u00e0 Real Madrid) ainda era crian\u00e7a.<\/p>\n<p><img decoding=\"async\" alt=\"\" src=\"https:\/\/www.europesays.com\/pt\/wp-content\/uploads\/2025\/12\/6947d9c4d34e3caad84ca5f2.webp\"\/><\/p>\n<p>Ap\u00f3s o jogo, <a href=\"https:\/\/maisfutebol.iol.pt\/internacional\/espanha\/mbappe-festeja-golo-com-tributo-a-ronaldo-queria-homenagear-o-meu-idolo\" target=\"_blank\" rel=\"nofollow noopener\"><strong>Mbapp\u00e9 falou<\/strong><\/a> da marca igualada e deixou elogios a Ronaldo.<\/p>\n<p>\u00ab\u00c9 um dia especial, o meu anivers\u00e1rio. Desde pequeno que dizia que era um sonho jogar no dia do meu anivers\u00e1rio e ainda mais no Real Madrid, o clube dos meus sonhos. Ganh\u00e1mos, era muito importante e o recorde \u00e9 incr\u00edvel. No meu primeiro ano, fazer como o meu \u00eddolo, o melhor da hist\u00f3ria do Real Madrid e uma refer\u00eancia para o futebol mundial&#8230; Queria homenage\u00e1-lo na celebra\u00e7\u00e3o. Ele foi sempre simp\u00e1tico comigo e ajudou-me na adapta\u00e7\u00e3o ao Real Madrid, porque fal\u00e1mos muito. Tenho a minha celebra\u00e7\u00e3o, mas queria faz\u00ea-lo como ele para lhe fazer uma dedicat\u00f3ria. Tenho uma \u00f3tima rela\u00e7\u00e3o com ele\u00bb, rematou, em declara\u00e7\u00f5es \u00e0 televis\u00e3o do clube.<\/p>\n","protected":false},"excerpt":{"rendered":"Cristiano Ronaldo n\u00e3o deixou passar a marca que Kylian Mbapp\u00e9 igualou no s\u00e1bado com o portugu\u00eas (59 golos&hellip;\n","protected":false},"author":2,"featured_media":197142,"comment_status":"","ping_status":"","sticky":false,"template":"","format":"standard","meta":{"footnotes":""},"categories":[87],"tags":[667,135,23673,46,18050,32,33,47,2007,669,134],"class_list":{"0":"post-197141","1":"post","2":"type-post","3":"status-publish","4":"format-standard","5":"has-post-thumbnail","7":"category-desporto","8":"tag-cristiano-ronaldo","9":"tag-desporto","10":"tag-kylian-mbappe","11":"tag-maisfutebol","12":"tag-mbappe","13":"tag-portugal","14":"tag-pt","15":"tag-pura-paixao","16":"tag-real-madrid","17":"tag-ronaldo","18":"tag-sports"},"share_on_mastodon":{"url":"https:\/\/pubeurope.com\/@pt\/115758053014380753","error":""},"_links":{"self":[{"href":"https:\/\/www.europesays.com\/pt\/wp-json\/wp\/v2\/posts\/197141","targetHints":{"allow":["GET"]}}],"collection":[{"href":"https:\/\/www.europesays.com\/pt\/wp-json\/wp\/v2\/posts"}],"about":[{"href":"https:\/\/www.europesays.com\/pt\/wp-json\/wp\/v2\/types\/post"}],"author":[{"embeddable":true,"href":"https:\/\/www.europesays.com\/pt\/wp-json\/wp\/v2\/users\/2"}],"replies":[{"embeddable":true,"href":"https:\/\/www.europesays.com\/pt\/wp-json\/wp\/v2\/comments?post=197141"}],"version-history":[{"count":0,"href":"https:\/\/www.europesays.com\/pt\/wp-json\/wp\/v2\/posts\/197141\/revisions"}],"wp:featuredmedia":[{"embeddable":true,"href":"https:\/\/www.europesays.com\/pt\/wp-json\/wp\/v2\/media\/197142"}],"wp:attachment":[{"href":"https:\/\/www.europesays.com\/pt\/wp-json\/wp\/v2\/media?parent=197141"}],"wp:term":[{"taxonomy":"category","embeddable":true,"href":"https:\/\/www.europesays.com\/pt\/wp-json\/wp\/v2\/categories?post=197141"},{"taxonomy":"post_tag","embeddable":true,"href":"https:\/\/www.europesays.com\/pt\/wp-json\/wp\/v2\/tags?post=197141"}],"curies":[{"name":"wp","href":"https:\/\/api.w.org\/{rel}","templated":true}]}}