{"id":19715,"date":"2025-08-07T12:45:09","date_gmt":"2025-08-07T12:45:09","guid":{"rendered":"https:\/\/www.europesays.com\/pt\/19715\/"},"modified":"2025-08-07T12:45:09","modified_gmt":"2025-08-07T12:45:09","slug":"acidente-entre-pesado-e-ligeiro-na-a4-provoca-duas-mortes-em-mirandela","status":"publish","type":"post","link":"https:\/\/www.europesays.com\/pt\/19715\/","title":{"rendered":"Acidente entre pesado e ligeiro na A4 provoca duas mortes em Mirandela"},"content":{"rendered":"<p>Uma colis\u00e3o entre uma viatura pesada e um autom\u00f3vel ligeiro, na noite de quarta-feira, na Autoestrada 4 (A4), na zona de Mirandela, provocou a morte de duas mulheres, e deixou um homem ferido. \u00a0<\/p>\n<p>Em declara\u00e7\u00f5es \u00e0 Lusa, fonte da Prote\u00e7\u00e3o Civil e da GNR referiram que o acidente ocorreu por volta das 23h00, ao quil\u00f3metro 157,7, no sentido Mirandela-Bragan\u00e7a, obrigando ao corte da via nesse sentido.\u00a0<\/p>\n<p>As v\u00edtimas mortais s\u00e3o duas mulheres, com 36 e 46 anos. J\u00e1 o homem, de 58 anos, ficou ferido e foi assistido no local. \u00a0<\/p>\n<p>No local estiveram 24 operacionais, apoiados por 11 viaturas da Prote\u00e7\u00e3o Civil, GNR, bombeiros e INEM.\u00a0<\/p>\n<p>As causas do acidente est\u00e3o a ser investigadas.\u00a0<\/p>\n","protected":false},"excerpt":{"rendered":"Uma colis\u00e3o entre uma viatura pesada e um autom\u00f3vel ligeiro, na noite de quarta-feira, na Autoestrada 4 (A4),&hellip;\n","protected":false},"author":2,"featured_media":19716,"comment_status":"","ping_status":"","sticky":false,"template":"","format":"standard","meta":{"footnotes":""},"categories":[10],"tags":[59,27,28,15,16,14,25,26,21,22,7264,12,13,19,20,32,23,24,33,17,18,29,30,31],"class_list":{"0":"post-19715","1":"post","2":"type-post","3":"status-publish","4":"format-standard","5":"has-post-thumbnail","7":"category-portugal","8":"tag-acidente","9":"tag-breaking-news","10":"tag-breakingnews","11":"tag-featured-news","12":"tag-featurednews","13":"tag-headlines","14":"tag-latest-news","15":"tag-latestnews","16":"tag-main-news","17":"tag-mainnews","18":"tag-mirandela","19":"tag-news","20":"tag-noticias","21":"tag-noticias-principais","22":"tag-noticiasprincipais","23":"tag-portugal","24":"tag-principais-noticias","25":"tag-principaisnoticias","26":"tag-pt","27":"tag-top-stories","28":"tag-topstories","29":"tag-ultimas","30":"tag-ultimas-noticias","31":"tag-ultimasnoticias"},"share_on_mastodon":{"url":"","error":""},"_links":{"self":[{"href":"https:\/\/www.europesays.com\/pt\/wp-json\/wp\/v2\/posts\/19715","targetHints":{"allow":["GET"]}}],"collection":[{"href":"https:\/\/www.europesays.com\/pt\/wp-json\/wp\/v2\/posts"}],"about":[{"href":"https:\/\/www.europesays.com\/pt\/wp-json\/wp\/v2\/types\/post"}],"author":[{"embeddable":true,"href":"https:\/\/www.europesays.com\/pt\/wp-json\/wp\/v2\/users\/2"}],"replies":[{"embeddable":true,"href":"https:\/\/www.europesays.com\/pt\/wp-json\/wp\/v2\/comments?post=19715"}],"version-history":[{"count":0,"href":"https:\/\/www.europesays.com\/pt\/wp-json\/wp\/v2\/posts\/19715\/revisions"}],"wp:featuredmedia":[{"embeddable":true,"href":"https:\/\/www.europesays.com\/pt\/wp-json\/wp\/v2\/media\/19716"}],"wp:attachment":[{"href":"https:\/\/www.europesays.com\/pt\/wp-json\/wp\/v2\/media?parent=19715"}],"wp:term":[{"taxonomy":"category","embeddable":true,"href":"https:\/\/www.europesays.com\/pt\/wp-json\/wp\/v2\/categories?post=19715"},{"taxonomy":"post_tag","embeddable":true,"href":"https:\/\/www.europesays.com\/pt\/wp-json\/wp\/v2\/tags?post=19715"}],"curies":[{"name":"wp","href":"https:\/\/api.w.org\/{rel}","templated":true}]}}