{"id":197184,"date":"2025-12-21T15:08:08","date_gmt":"2025-12-21T15:08:08","guid":{"rendered":"https:\/\/www.europesays.com\/pt\/197184\/"},"modified":"2025-12-21T15:08:08","modified_gmt":"2025-12-21T15:08:08","slug":"diogo-costa-chega-a-acordo-com-o-fc-porto-e-vai-renovar-ate-2030","status":"publish","type":"post","link":"https:\/\/www.europesays.com\/pt\/197184\/","title":{"rendered":"Diogo Costa chega a acordo com o FC Porto e vai renovar at\u00e9 2030"},"content":{"rendered":"<p>Ainda n\u00e3o \u00e9 oficial, mas ser\u00e1 nos pr\u00f3ximos dias: <a target=\"_blank\" class=\"editor-link autolink-enabled\" href=\"https:\/\/www.abola.pt\/futebol\/jogador\/diogo-costa-125092\" data-resource-id=\"125092\" data-resource-type=\"player\" data-sport=\"football\" rel=\"nofollow noopener\">Diogo Costa<\/a> chegou a acordo com o <a target=\"_blank\" class=\"editor-link autolink-enabled\" href=\"https:\/\/www.abola.pt\/futebol\/fc-porto-451\" data-resource-id=\"451\" data-resource-type=\"team\" data-sport=\"football\" rel=\"nofollow noopener\">FC Porto<\/a> e vai renovar por mais tr\u00eas temporadas, ou seja, at\u00e9 junho de 2030 &#8211; contrato atual terminava em 2027. O guarda-redes de 26 anos vai receber um aumento de sal\u00e1rio, passando assim a ser o jogador mais bem pago do plantel.<\/p>\n<p>Houve uma aproxima\u00e7\u00e3o grande nos \u00faltimos dias entre as duas partes e a prorroga\u00e7\u00e3o do v\u00ednculo laboral do internacional portugu\u00eas dever\u00e1 ficar selada at\u00e9 ao final do ano, pelo menos essa \u00e9 a vontade dos respons\u00e1veis portistas. A SAD sempre desejou que Diogo Costa se mantivesse no clube mais tr\u00eas anos e esse objetivo ser\u00e1 alcan\u00e7ado, muito tamb\u00e9m por vontade do jogador que tenciona continua continuar de corpo e alma no Drag\u00e3o. Aproxima-se o Campeonato do Mundo e os azuis e brancos querem fechar a porta a eventuais ataques de tubar\u00f5es europeus ao n\u00famero 99, o capit\u00e3o de equipa e voz ativa no balne\u00e1rio do Olival. \u00abRenova\u00e7\u00e3o? N\u00e3o escondo isso que disse isso e que \u00e9 plena verdade. Seria o homem mais feliz do mundo. Est\u00e1 a ser falado, mas como todos sabem, o meu amor pelo clube, j\u00e1 l\u00e1 v\u00e3o 15 anos nesta casa. Por si s\u00f3, sabem o que podem esperar por mim. Est\u00e1 a ser tratado e falado com as pessoas com que se tem de falar\u00bb, disse Diogo Costa h\u00e1 alguns meses abordado pelo tema renova\u00e7\u00e3o de contrato.<\/p>\n<p>A cl\u00e1usula de rescis\u00e3o do internacional portugu\u00eas vai baixar dos 75 milh\u00f5es de euros, de forma a n\u00e3o fechar portas num futuro pr\u00f3ximo, sendo que o seu valor de mercado, segundo o Transfermarkt, \u00e9 de 40 milh\u00f5es de euros.<\/p>\n<p>Esta \u00e9 a sexta temporada do dono da baliza dos drag\u00f5es no seu clube de forma\u00e7\u00e3o e, at\u00e9 agora, soma 21 jogos, para todas as competi\u00e7\u00f5es, tendo sofrido apenas 10 golos e mantido a baliza a zeros em 12 ocasi\u00f5es. Isto para al\u00e9m das seis titularidades ao servi\u00e7o de <a class=\"autolink-enabled\" data-resource-id=\"1651\" data-resource-type=\"team\" data-sport=\"football\" href=\"https:\/\/www.abola.pt\/futebol\/portugal-1651\" rel=\"nofollow noopener\" target=\"_blank\">Portugal<\/a> na qualifica\u00e7\u00e3o para o <a class=\"autolink-enabled\" data-resource-id=\"30\" data-resource-type=\"competition\" data-sport=\"football\" href=\"https:\/\/www.abola.pt\/futebol\/competicao\/mundial-30\" rel=\"nofollow noopener\" target=\"_blank\">Mundial<\/a> 2026.<\/p>\n<p>Nesses seis anos na equipa principal, <a target=\"_blank\" class=\"editor-link autolink-enabled\" href=\"https:\/\/www.abola.pt\/futebol\/jogador\/diogo-costa-125092\" data-resource-id=\"125092\" data-resource-type=\"player\" data-sport=\"football\" rel=\"nofollow noopener\">Diogo Costa<\/a> j\u00e1 foi campe\u00e3o nacional em duas ocasi\u00f5es (2019\/20 e 2021\/22), conquistando quatro <a target=\"_blank\" class=\"editor-link autolink-enabled\" href=\"https:\/\/www.abola.pt\/futebol\/competicao\/taca-de-portugal-112\" data-resource-id=\"112\" data-resource-type=\"competition\" data-sport=\"football\" rel=\"nofollow noopener\">Ta\u00e7as de Portugal<\/a>, duas <a target=\"_blank\" class=\"editor-link autolink-enabled\" href=\"https:\/\/www.abola.pt\/futebol\/competicao\/supertaca-114\" data-resource-id=\"114\" data-resource-type=\"competition\" data-sport=\"football\" rel=\"nofollow noopener\">Superta\u00e7as<\/a> e uma Ta\u00e7a da Liga.<\/p>\n","protected":false},"excerpt":{"rendered":"Ainda n\u00e3o \u00e9 oficial, mas ser\u00e1 nos pr\u00f3ximos dias: Diogo Costa chegou a acordo com o FC Porto&hellip;\n","protected":false},"author":2,"featured_media":197185,"comment_status":"","ping_status":"","sticky":false,"template":"","format":"standard","meta":{"footnotes":""},"categories":[8],"tags":[27,28,15,16,14,25,26,21,22,12,13,19,20,32,23,24,33,17,18,29,30,31],"class_list":{"0":"post-197184","1":"post","2":"type-post","3":"status-publish","4":"format-standard","5":"has-post-thumbnail","7":"category-principais-noticias","8":"tag-breaking-news","9":"tag-breakingnews","10":"tag-featured-news","11":"tag-featurednews","12":"tag-headlines","13":"tag-latest-news","14":"tag-latestnews","15":"tag-main-news","16":"tag-mainnews","17":"tag-news","18":"tag-noticias","19":"tag-noticias-principais","20":"tag-noticiasprincipais","21":"tag-portugal","22":"tag-principais-noticias","23":"tag-principaisnoticias","24":"tag-pt","25":"tag-top-stories","26":"tag-topstories","27":"tag-ultimas","28":"tag-ultimas-noticias","29":"tag-ultimasnoticias"},"share_on_mastodon":{"url":"https:\/\/pubeurope.com\/@pt\/115758190113292668","error":""},"_links":{"self":[{"href":"https:\/\/www.europesays.com\/pt\/wp-json\/wp\/v2\/posts\/197184","targetHints":{"allow":["GET"]}}],"collection":[{"href":"https:\/\/www.europesays.com\/pt\/wp-json\/wp\/v2\/posts"}],"about":[{"href":"https:\/\/www.europesays.com\/pt\/wp-json\/wp\/v2\/types\/post"}],"author":[{"embeddable":true,"href":"https:\/\/www.europesays.com\/pt\/wp-json\/wp\/v2\/users\/2"}],"replies":[{"embeddable":true,"href":"https:\/\/www.europesays.com\/pt\/wp-json\/wp\/v2\/comments?post=197184"}],"version-history":[{"count":0,"href":"https:\/\/www.europesays.com\/pt\/wp-json\/wp\/v2\/posts\/197184\/revisions"}],"wp:featuredmedia":[{"embeddable":true,"href":"https:\/\/www.europesays.com\/pt\/wp-json\/wp\/v2\/media\/197185"}],"wp:attachment":[{"href":"https:\/\/www.europesays.com\/pt\/wp-json\/wp\/v2\/media?parent=197184"}],"wp:term":[{"taxonomy":"category","embeddable":true,"href":"https:\/\/www.europesays.com\/pt\/wp-json\/wp\/v2\/categories?post=197184"},{"taxonomy":"post_tag","embeddable":true,"href":"https:\/\/www.europesays.com\/pt\/wp-json\/wp\/v2\/tags?post=197184"}],"curies":[{"name":"wp","href":"https:\/\/api.w.org\/{rel}","templated":true}]}}