{"id":197188,"date":"2025-12-21T15:12:17","date_gmt":"2025-12-21T15:12:17","guid":{"rendered":"https:\/\/www.europesays.com\/pt\/197188\/"},"modified":"2025-12-21T15:12:17","modified_gmt":"2025-12-21T15:12:17","slug":"ex-peoes-de-a-fazenda-17-se-estranham-e-brigam-em-festa-fora-do-reality","status":"publish","type":"post","link":"https:\/\/www.europesays.com\/pt\/197188\/","title":{"rendered":"Ex-pe\u00f5es de A Fazenda 17 se estranham e brigam em festa fora do reality"},"content":{"rendered":"<p>O clima esquentou entre dois ex-pe\u00f5es de \u2018<a href=\"https:\/\/caras.com.br\/tags\/a-fazenda-17\" rel=\"nofollow noopener\" target=\"_blank\">A Fazenda 17<\/a>\u2018 na noite de s\u00e1bado, 20. <a href=\"https:\/\/caras.com.br\/tags\/mesquita\" rel=\"nofollow noopener\" target=\"_blank\"><strong>Mesquita<\/strong><\/a> e<a href=\"https:\/\/caras.com.br\/tags\/matheus-martins\" rel=\"nofollow noopener\" target=\"_blank\"><strong> Matheus Martins<\/strong><\/a>, rivais no reality show da Record TV, se estranharam durante uma festa e precisaram ser contidos para que a briga n\u00e3o escalasse para uma agress\u00e3o.<\/p>\n<p>O epis\u00f3dio aconteceu em uma confraterniza\u00e7\u00e3o organizada por <a href=\"https:\/\/caras.com.br\/tags\/lucas-selfie\" rel=\"nofollow noopener\" target=\"_blank\"><strong>Lucas Selfie<\/strong><\/a>, apresentador respons\u00e1vel pelo bate-papo com os eliminados. Em v\u00eddeos que circulam nas redes sociais, \u00e9 poss\u00edvel notar que Mesquita se aproxima de Matheus ap\u00f3s o ex-pe\u00e3o apontar o dedo do meio para ele.<\/p>\n<p>Na sequ\u00eancia, a ex-participante <strong>Martina Sanzi<\/strong> e outras pessoas entraram no meio dos dois para impedir uma poss\u00edvel agress\u00e3o na festa. Momentos ap\u00f3s o ocorrido, Mesquita publicou um desabafo nas redes sociais.<\/p>\n<p>\u201cSobre o que rolou agora: n\u00e3o \u00e9 a primeira vez que tentam me testar antes da luta. Com o Nego do Borel foi assim. Com o Thomaz Costa tamb\u00e9m. O resultado voc\u00eas j\u00e1 sabem. Isso s\u00f3 aumenta minha raiva. E \u00e9 isso que eu levo para o ringue\u201c, declarou o ex-participante de \u2018A Fazenda 17\u2032 ao compartilhar um trecho da briga com Matheus.<\/p>\n<blockquote class=\"twitter-tweet\" data-media-max-width=\"560\">\n<p dir=\"ltr\" lang=\"pt\">Confira o peda\u00e7o da briga entre Matheus e Mesquita no churrasco do Lucas Selfie. <a href=\"https:\/\/twitter.com\/hashtag\/AFazenda?src=hash&amp;ref_src=twsrc%5Etfw\" rel=\"nofollow noopener\" target=\"_blank\">#AFazenda<\/a><a href=\"https:\/\/t.co\/Oq9zLFaLC1\" rel=\"nofollow\">pic.twitter.com\/Oq9zLFaLC1<\/a><\/p>\n<p>\u2014 Central Reality (@centralreality) <a href=\"https:\/\/twitter.com\/centralreality\/status\/2002602637301330082?ref_src=twsrc%5Etfw\" rel=\"nofollow noopener\" target=\"_blank\">December 21, 2025<\/a><\/p>\n<\/blockquote>\n<p>  <img loading=\"lazy\" decoding=\"async\" class=\"size-full wp-image-1048069 img-fluid lazy\" alt=\"Mesquita e Matheus se estranham em festa ap\u00f3s A Fazenda 17 - Foto: Reprodu\u00e7\u00e3o\/Instagram @luizomesquita\" width=\"463\" height=\"837\" src=\"https:\/\/www.europesays.com\/pt\/wp-content\/uploads\/2025\/12\/briga-de-mesquita-e-matheus.jpg\"  \/>Mesquita e Matheus se estranham em festa ap\u00f3s A Fazenda 17 \u2013 Foto: Reprodu\u00e7\u00e3o\/Instagram @luizomesquita Ex-peoa sofre tentativa de assalto ap\u00f3s A Fazenda 17 <\/p>\n<p>Rec\u00e9m-sa\u00edda do confinamento de \u2018A Fazenda 17\u2019, <a href=\"https:\/\/caras.com.br\/tags\/saory-cardoso\" rel=\"nofollow noopener\" target=\"_blank\"><strong>Saory Cardoso<\/strong><\/a> passou por um grande susto ao <a href=\"https:\/\/caras.com.br\/a-fazenda\/ex-a-fazenda-saory-cardoso-fala-pela-primeira-vez-apos-sofrer-tentativa-de-assalto.phtml\" rel=\"nofollow noopener\" target=\"_blank\">sofrer uma tentativa de assalto em S\u00e3o Paulo<\/a> na \u00faltima sexta-feira, 19. A influenciadora estava a caminho da Record TV quando o epis\u00f3dio aconteceu.<\/p>\n<p>Em nota, sua equipe confirmou que ela est\u00e1 bem e n\u00e3o sofreu ferimentos, agradecendo a preocupa\u00e7\u00e3o dos seguidores logo ap\u00f3s a divulga\u00e7\u00e3o do ocorrido. Por meio de redes sociais, Saory deu mais detalhes sobre a din\u00e2mica da abordagem: segundo ela, um indiv\u00edduo quebrou a janela do carro em que ela era transportada com o objetivo de furtar seu aparelho celular.<\/p>\n<p>Apesar do dano material e do impacto do momento, a ex-peoa refor\u00e7ou que n\u00e3o sofreu ferimentos graves: \u201cEst\u00e1 tudo bem comigo. Foi s\u00f3 uma tentativa de assalto, deu errado. Eu estava parada no carro, passou um homem, quebrou o vidro dando um soco e tentou roubar o celular da minha m\u00e3o\u201c, explicou ela.<\/p>\n<p>\u201cS\u00f3 que o celular acabou caindo no ch\u00e3o e ele n\u00e3o conseguiu, gra\u00e7as a Deus. Est\u00e1 tudo bem, os vidros me arranharam um pouquinho, fora o susto que foi horr\u00edvel, mas est\u00e1 tudo bem\u201c, disse Saory, por fim.<\/p>\n<p><strong>Leia tamb\u00e9m<\/strong>: <a href=\"https:\/\/caras.com.br\/a-fazenda\/saiba-o-que-dudu-camargo-vai-fazer-com-o-premio-de-r-2-milhoes-de-a-fazenda-17.phtml\" rel=\"nofollow noopener\" target=\"_blank\">Saiba o que Dudu Camargo vai fazer com o pr\u00eamio de R$ 2 milh\u00f5es de A Fazenda 17<\/a><\/p>\n<p> <img loading=\"lazy\" decoding=\"async\" class=\"size-full wp-image-1048058 img-fluid lazy\" alt=\"Saory sofre tentativa de assalto em SP - Foto: Reprodu\u00e7\u00e3o \/ Instagram @saorycardoso\" width=\"456\" height=\"827\" src=\"https:\/\/www.europesays.com\/pt\/wp-content\/uploads\/2025\/12\/saory-sofre-tentativa-de-assalto-.jpg\"  \/>Saory sofre tentativa de assalto em SP \u2013 Foto: Reprodu\u00e7\u00e3o \/ Instagram @saorycardoso <img loading=\"lazy\" decoding=\"async\" class=\"size-full wp-image-1048059 img-fluid lazy\" alt=\"Saory sofre tentativa de assalto em SP - Foto: Reprodu\u00e7\u00e3o \/ Instagram @saorycardoso\" width=\"463\" height=\"837\" src=\"https:\/\/www.europesays.com\/pt\/wp-content\/uploads\/2025\/12\/saory-sofre-tentativa-de-assalto.jpg\"  \/>Saory sofre tentativa de assalto em SP \u2013 Foto: Reprodu\u00e7\u00e3o \/ Instagram @saorycardoso\t\t\t<\/p>\n<p>        <a href=\"https:\/\/caras.com.br\/autor\/rafaela-oliveira\" rel=\"nofollow noopener\" target=\"_blank\">&#13;<br \/>\n          <img alt=\"Rafaela Oliveira\" src=\"https:\/\/www.europesays.com\/pt\/wp-content\/uploads\/2025\/12\/1766329937_822_49f5322875970d1e29e5ff2c3d4db4418044337871973cc6a09a25acab0e8ff7\"  class=\"avatar avatar-115 photo rounded-circle mr-3\" height=\"115\" width=\"115\" loading=\"lazy\" decoding=\"async\"\/>        <\/a><\/p>\n<p>        <strong>Rafaela Oliveira<\/strong> \u00e9 rep\u00f3rter de conte\u00fado do site CARAS. Formada em jornalismo, j\u00e1 passou por sites como MaisNovela, Portal M\u00e1rcia Piovesan, Purepeople Brasil e Jornal O Dia. Escreve sobre celebridades, TV e reality show. (email: <a href=\"https:\/\/caras.com.br\/cdn-cgi\/l\/email-protection\" class=\"__cf_email__\" data-cfemail=\"6113030e0d0817040813003e020e0d00032102001300124f020e0c4f0313\" rel=\"nofollow noopener\" target=\"_blank\">[email\u00a0protected]<\/a>)<\/p>\n<p>\t                                            <script async src=\"https:\/\/platform.twitter.com\/widgets.js\" charset=\"utf-8\"><\/script><\/p>\n","protected":false},"excerpt":{"rendered":"O clima esquentou entre dois ex-pe\u00f5es de \u2018A Fazenda 17\u2018 na noite de s\u00e1bado, 20. Mesquita e Matheus&hellip;\n","protected":false},"author":2,"featured_media":197189,"comment_status":"","ping_status":"","sticky":false,"template":"","format":"standard","meta":{"footnotes":""},"categories":[142],"tags":[4706,114,115,21428,22519,32,33,151],"class_list":{"0":"post-197188","1":"post","2":"type-post","3":"status-publish","4":"format-standard","5":"has-post-thumbnail","7":"category-tv","8":"tag-a-fazenda-17","9":"tag-entertainment","10":"tag-entretenimento","11":"tag-matheus-martins","12":"tag-mesquita","13":"tag-portugal","14":"tag-pt","15":"tag-tv"},"share_on_mastodon":{"url":"https:\/\/pubeurope.com\/@pt\/115758206068576989","error":""},"_links":{"self":[{"href":"https:\/\/www.europesays.com\/pt\/wp-json\/wp\/v2\/posts\/197188","targetHints":{"allow":["GET"]}}],"collection":[{"href":"https:\/\/www.europesays.com\/pt\/wp-json\/wp\/v2\/posts"}],"about":[{"href":"https:\/\/www.europesays.com\/pt\/wp-json\/wp\/v2\/types\/post"}],"author":[{"embeddable":true,"href":"https:\/\/www.europesays.com\/pt\/wp-json\/wp\/v2\/users\/2"}],"replies":[{"embeddable":true,"href":"https:\/\/www.europesays.com\/pt\/wp-json\/wp\/v2\/comments?post=197188"}],"version-history":[{"count":0,"href":"https:\/\/www.europesays.com\/pt\/wp-json\/wp\/v2\/posts\/197188\/revisions"}],"wp:featuredmedia":[{"embeddable":true,"href":"https:\/\/www.europesays.com\/pt\/wp-json\/wp\/v2\/media\/197189"}],"wp:attachment":[{"href":"https:\/\/www.europesays.com\/pt\/wp-json\/wp\/v2\/media?parent=197188"}],"wp:term":[{"taxonomy":"category","embeddable":true,"href":"https:\/\/www.europesays.com\/pt\/wp-json\/wp\/v2\/categories?post=197188"},{"taxonomy":"post_tag","embeddable":true,"href":"https:\/\/www.europesays.com\/pt\/wp-json\/wp\/v2\/tags?post=197188"}],"curies":[{"name":"wp","href":"https:\/\/api.w.org\/{rel}","templated":true}]}}