{"id":197222,"date":"2025-12-21T15:38:13","date_gmt":"2025-12-21T15:38:13","guid":{"rendered":"https:\/\/www.europesays.com\/pt\/197222\/"},"modified":"2025-12-21T15:38:13","modified_gmt":"2025-12-21T15:38:13","slug":"arbitragem-insustentavel-regresso-do-var-as-origens-thiago-silva-e-alverca-tudo-o-que-disse-farioli","status":"publish","type":"post","link":"https:\/\/www.europesays.com\/pt\/197222\/","title":{"rendered":"\u00abArbitragem insustent\u00e1vel\u00bb, regresso do VAR \u00e0s origens, Thiago Silva e Alverca: tudo o que disse Farioli"},"content":{"rendered":"<p><strong>\u2014 Que jogo espera frente ao Alverca? O que exigir\u00e1 ao <\/strong><a target=\"_blank\" class=\"editor-link autolink-enabled\" href=\"https:\/\/www.abola.pt\/futebol\/fc-porto-451\" data-resource-id=\"451\" data-resource-type=\"team\" data-sport=\"football\" rel=\"nofollow noopener\"><strong>FC Porto<\/strong><\/a><strong>?<\/strong><\/p>\n<p>\u2014 Esperamos um jogo complicado, fora de casa fica ainda mais dif\u00edcil. O <a target=\"_blank\" class=\"editor-link autolink-enabled\" href=\"https:\/\/www.abola.pt\/futebol\/alverca-452\" data-resource-id=\"452\" data-resource-type=\"team\" data-sport=\"football\" rel=\"nofollow noopener\">Alverca<\/a> \u00e9 uma equipa que tem coisas interessantes que precisam de estar presentes na nossa mente. S\u00e3o a segunda equipa com mais golos esperados, portanto quando rematam, t\u00eam sempre \u00f3timas oportunidades. S\u00e3o muito f\u00edsicos, ganham muitos duelos a\u00e9reos. E \u00e9 bom ter estas ideias contra uma equipa que tem estado bem em casa e no geral. Estamos focados para amanh\u00e3.<\/p>\n<blockquote>\n<p>O <a target=\"_blank\" class=\"editor-link autolink-enabled\" href=\"https:\/\/www.abola.pt\/futebol\/alverca-452\" data-resource-id=\"452\" data-resource-type=\"team\" data-sport=\"football\" rel=\"nofollow noopener\">Alverca<\/a> \u00e9 uma equipa que tem coisas interessantes que precisam de estar presentes na nossa mente. S\u00e3o a segunda equipa com mais golos esperados, portanto quando rematam, t\u00eam sempre \u00f3timas oportunidades<\/p>\n<\/blockquote>\n<p><strong>\u2014 Como est\u00e3o os jogadores fisicamente? Qual a ideia para o Thiago Silva? <a class=\"autolink-enabled\" data-resource-id=\"204106\" data-resource-type=\"player\" data-sport=\"football\" href=\"https:\/\/www.abola.pt\/futebol\/jogador\/jakub-kiwior-204106\" rel=\"nofollow noopener\" target=\"_blank\">Kiwior<\/a> pode passar para lateral-esquerdo?<\/strong><\/p>\n<p>\u2014 Sobre a condi\u00e7\u00e3o f\u00edsica, toda a gente est\u00e1 de regresso e est\u00e1 recuperada. O <a class=\"autolink-enabled\" data-resource-id=\"189404\" data-resource-type=\"player\" data-sport=\"football\" href=\"https:\/\/www.abola.pt\/futebol\/jogador\/francisco-moura-189404\" rel=\"nofollow noopener\" target=\"_blank\">Francisco Moura<\/a>, que saiu com uma pequena les\u00e3o do \u00faltimo jogo, vai treinar hoje connosco e dever\u00e1 estar no jogo. Estou muito confiante. Os restantes tamb\u00e9m est\u00e3o bem. Nos \u00faltimos tr\u00eas jogos sofremos tr\u00eas golos, eu e o presidente fic\u00e1mos preocupados e decidimos contratar um grande jogador&#8230; Brincadeiras \u00e0 parte, penso ser uma grande contrata\u00e7\u00e3o. Jogadores assim ajudam a subir o padr\u00e3o. Quando fal\u00e1mos, ele mostrou-se muito positivo, mostrou muita curiosidade. Come\u00e7ou a carreira na Europa aqui no <a class=\"autolink-enabled\" data-resource-id=\"451\" data-resource-type=\"team\" data-sport=\"football\" href=\"https:\/\/www.abola.pt\/futebol\/fc-porto-451\" rel=\"nofollow noopener\" target=\"_blank\">FC Porto<\/a>, apesar de a primeira experi\u00eancia ter sido complicada. Venceu a <a class=\"autolink-enabled\" data-resource-id=\"758\" data-resource-type=\"competition\" data-sport=\"football\" href=\"https:\/\/www.abola.pt\/futebol\/competicao\/liga-dos-campeoes-qualificacoes-758\" rel=\"nofollow noopener\" target=\"_blank\">Liga dos Campe\u00f5es<\/a> que conquistou aqui no Drag\u00e3o&#8230; Chega com muita humildade e vontade de ajudar a equipa. Mencionou o facto de estar disposto a ajudar, at\u00e9 porque, como sabem, j\u00e1 temos tr\u00eas centrais que est\u00e3o a fazer um \u00f3timo trabalho. Esperamos ter muitos jogos at\u00e9 ao final da \u00e9poca e vamos precisar de qualidade e lideran\u00e7a. Acho que \u00e9 a contrata\u00e7\u00e3o certa para o clube e para a equipa.<\/p>\n<blockquote>\n<p>Thiago Silva penso ser uma grande contrata\u00e7\u00e3o. Jogadores assim ajudam a subir o padr\u00e3o. Quando fal\u00e1mos, ele mostrou-se muito positivo, mostrou muita curiosidade. Come\u00e7ou a carreira na Europa aqui no <a target=\"_blank\" class=\"editor-link autolink-enabled\" href=\"https:\/\/www.abola.pt\/futebol\/fc-porto-451\" data-resource-id=\"451\" data-resource-type=\"team\" data-sport=\"football\" rel=\"nofollow noopener\">FC Porto<\/a>, apesar de a primeira experi\u00eancia ter sido complicada. Venceu a <a target=\"_blank\" class=\"editor-link autolink-enabled\" href=\"https:\/\/www.abola.pt\/futebol\/competicao\/liga-dos-campeoes-qualificacoes-758\" data-resource-id=\"758\" data-resource-type=\"competition\" data-sport=\"football\" rel=\"nofollow noopener\">Liga dos Campe\u00f5es<\/a> que conquistou aqui no Drag\u00e3o&#8230; Chega com muita humildade e vontade de ajudar a equipa<\/p>\n<\/blockquote>\n<p><strong>\u2014 <a class=\"autolink-enabled\" data-resource-id=\"68459\" data-resource-type=\"player\" data-sport=\"football\" href=\"https:\/\/www.abola.pt\/futebol\/jogador\/jan-bednarek-68459\" rel=\"nofollow noopener\" target=\"_blank\">Bednarek<\/a> vai falhar um jogo pela primeira vez no campeonato. Isso preocupa-o?<\/strong><\/p>\n<p>\u2014 Sim, est\u00e1 suspenso. Claro que houve outro jogos onde decidimos gerir a sua condi\u00e7\u00e3o f\u00edsica, mas quem o substituiu fez um bom trabalho. A import\u00e2ncia do <a class=\"autolink-enabled\" data-resource-id=\"68459\" data-resource-type=\"player\" data-sport=\"football\" href=\"https:\/\/www.abola.pt\/futebol\/jogador\/jan-bednarek-68459\" rel=\"nofollow noopener\" target=\"_blank\">Bednarek<\/a> \u00e9 clara, \u00e9 um jogador que toda a gente reconhece como um dos capit\u00e3es. Traz sempre um grande impacto, energia positiva e uma mentalidade vencedora. Vamos dar o nosso melhor para encontrar uma solu\u00e7\u00e3o. <a class=\"autolink-enabled\" data-resource-id=\"291979\" data-resource-type=\"player\" data-sport=\"football\" href=\"https:\/\/www.abola.pt\/futebol\/jogador\/prpic-291979\" rel=\"nofollow noopener\" target=\"_blank\">Prpic<\/a> e <a class=\"autolink-enabled\" data-resource-id=\"89703\" data-resource-type=\"player\" data-sport=\"football\" href=\"https:\/\/www.abola.pt\/futebol\/jogador\/pablo-rosario-89703\" rel=\"nofollow noopener\" target=\"_blank\">Pablo Rosario<\/a> s\u00e3o alternativas e acho que ser\u00e1 um dos dois.<\/p>\n<p><strong>\u2014 Jo\u00e3o Pinheiro estar\u00e1 no jogo amanh\u00e3 e esteve no <\/strong><a target=\"_blank\" class=\"editor-link autolink-enabled\" href=\"https:\/\/www.abola.pt\/futebol\/santa-clara-440\" data-resource-id=\"440\" data-resource-type=\"team\" data-sport=\"football\" rel=\"nofollow noopener\"><strong>Santa Clara<\/strong><\/a><strong>&#8211;<\/strong><a target=\"_blank\" class=\"editor-link autolink-enabled\" href=\"https:\/\/www.abola.pt\/futebol\/sporting-448\" data-resource-id=\"448\" data-resource-type=\"team\" data-sport=\"football\" rel=\"nofollow noopener\"><strong>Sporting<\/strong><\/a><strong>&#8230; Vai com algum receio?<\/strong><\/p>\n<p>\u2014 Isto n\u00e3o \u00e9 sobre a exibi\u00e7\u00e3o do \u00e1rbitro ou de um caso. Honestamente acho que o erro faz parte do jogo, os jogadores falham golos, treinadores, eu, fazem m\u00e1s substitui\u00e7\u00f5es ou escolherem mal os jogadores, faz parte. Neste caso, os erros do \u00e1rbitro s\u00e3o normais. O problema aqui \u00e9 algo mais, algo mais profundo, porque no fim, quando tens o sentimento de que o sistema est\u00e1 constantemente a falhar, acho que precisa de ser direcionado com o foco necess\u00e1rio, dar valor necess\u00e1rio ao que est\u00e1 a acontecer. Para respeitar o n\u00edvel desta competi\u00e7\u00e3o, a justi\u00e7a e manter o futebol portugu\u00eas como uma das maiores refer\u00eancias no futebol mundial. Por isso, o comunicado do clube foi muito claro em todos os aspetos, muito calmo, mas a necessidade de lidar com esta situa\u00e7\u00e3o com uma mente calma e tamb\u00e9m com bravura, para tomar algumas decis\u00f5es, porque est\u00e1 a ficar insustent\u00e1vel.<\/p>\n<blockquote>\n<p>Arbitragem? O comunicado do clube foi muito claro em todos os aspetos, muito calmo, mas a necessidade de lidar com esta situa\u00e7\u00e3o com uma mente calma e tamb\u00e9m com bravura, para tomar algumas decis\u00f5es, porque est\u00e1 a ficar insustent\u00e1vel<\/p>\n<\/blockquote>\n<p><strong>\u2014 Nos minutos finais do \u00faltimo jogo, viu-se \u00e1rbitro assistente em confronto com o <a class=\"autolink-enabled\" data-resource-id=\"68459\" data-resource-type=\"player\" data-sport=\"football\" href=\"https:\/\/www.abola.pt\/futebol\/jogador\/jan-bednarek-68459\" rel=\"nofollow noopener\" target=\"_blank\">Bednarek<\/a>, a crescer para ele. Acha que a equipa tem estabilidade emocional suficiente? O que poderia ter acontecido se n\u00e3o fosse o <a class=\"autolink-enabled\" data-resource-id=\"68459\" data-resource-type=\"player\" data-sport=\"football\" href=\"https:\/\/www.abola.pt\/futebol\/jogador\/jan-bednarek-68459\" rel=\"nofollow noopener\" target=\"_blank\">Bednarek<\/a> ali?<\/strong><\/p>\n<p>\u2014 Quando digo que a situa\u00e7\u00e3o \u00e9 insustent\u00e1vel&#8230; Os \u00e1rbitros pedem-me para ter calma, para deixar o jogo fluir, mas vejo tantos cart\u00f5es para os bancos&#8230; Em toda a Liga, n\u00e3o s\u00f3 para n\u00f3s. Digo que a situa\u00e7\u00e3o tamb\u00e9m est\u00e1 fora do controlo por isso. N\u00e3o \u00e9 poss\u00edvel que haja mais tempo a protestar do que o tempo em que a bola esteja a rolar. Acho que \u00e9 uma boa oportunidade para falar sobre isto. A maneira como o VAR est\u00e1 a ser usado no futebol&#8230; Come\u00e7ou como algo muito positivo porque era uma ideia para ajudar os \u00e1rbitros a corrigir decis\u00f5es erradas ou dif\u00edceis, at\u00e9 porque a velocidade do jogo est\u00e1 a aumentar e torna-se muito dif\u00edcil olhar para todos os detalhes. Neste momento, o sentimento \u00e9 que o VAR \u00e9 uma ferramenta que julga a exibi\u00e7\u00e3o do \u00e1rbitro. Nasceu como algo para ajudar, est\u00e1 a tornar-se em algo que ou estamos com medo de uma decis\u00e3o ou de quando o \u00e1rbitro vai ao monitor&#8230; Acredito que \u00e9 uma situa\u00e7\u00e3o que precisa de ser avaliada no futebol, talvez at\u00e9 voltar \u00e0s origens, onde o VAR nasceu para ajudar e n\u00e3o para julgar. Vamos fechar assim este cap\u00edtulo da arbitragem para nos focarmos no jogo de amanh\u00e3, que \u00e9 a nossa prioridade. Esperamos que, muito brevemente, este t\u00f3pico seja resolvido. Para o jogo, para os adeptos e para os clubes que est\u00e3o a investir.<\/p>\n<blockquote>\n<p>Vamos fechar assim este cap\u00edtulo da arbitragem para nos focarmos no jogo de amanh\u00e3, que \u00e9 a nossa prioridade. Esperamos que, muito brevemente, este t\u00f3pico seja resolvido. Para o jogo, para os adeptos e para os clubes que est\u00e3o a investir<\/p>\n<\/blockquote>\n<p><strong>\u2014 A equipa parece melhor a n\u00edvel f\u00edsico, concorda? At\u00e9 onde vai o pormenor da prepara\u00e7\u00e3o dos jogadores quando a dist\u00e2ncia \u00e9 t\u00e3o curta de um jogo para o outro?<\/strong><\/p>\n<p>\u2014 Sabem que somos obcecados nesse aspeto, porque a cada dia est\u00e1 a tornar-se essencial gerir os recursos que temos, especialmente com tantos jogos. Tentamos encontrar momentos em que podemos dar dias de folga aos jogadores. \u00c0s vezes esquecemo-nos o que acontece com estes hor\u00e1rios, com as viagens&#8230; \u00c9 muito importante gerir todos estes par\u00e2metros e estou muito feliz com o que os outros departamentos est\u00e3o a fazer. Elogio sempre a ajuda que estou a receber de toda a gente no clube. Hoje vamos fazer uma an\u00e1lise ao aspeto f\u00edsico dos jogadores e parece-me que todos est\u00e3o a melhorar muito. Houve jogadores que ganharam v\u00e1rios quilos de m\u00fasculo e, com uma agenda t\u00e3o apertada, isso \u00e9 quase imposs\u00edvel, porque a tend\u00eancia \u00e9 perder peso e m\u00fasculo. Aquilo que tem sido feito tem sido extraordin\u00e1rio. Claro que a frescura f\u00edsica depende da maneira como gerimos tudo isto, e a\u00ed estamos a tentar colocar muita aten\u00e7\u00e3o, calculando todos os elementos que podem ajudar a equipa. E, depois, tem a ver com os protagonistas quando entram em campo, com a mentalidade certa.<\/p>\n<blockquote>\n<p>A frescura f\u00edsica depende da maneira como gerimos tudo isto, e a\u00ed estamos a tentar colocar muita aten\u00e7\u00e3o, calculando todos os elementos que podem ajudar a equipa. E, depois, tem a ver com os protagonistas quando entram em campo, com a mentalidade certa<\/p>\n<\/blockquote>\n<p><strong>\u2014 Que outras prendas pediu ao presidente al\u00e9m de Thiago Silva?<\/strong><\/p>\n<p>\u2014 Em rela\u00e7\u00e3o ao mercado, ainda temos nove a 10 dias at\u00e9 ao arranque. \u00c9 geralmente uma altura &#8216;louca&#8217;, at\u00e9 mais do que no ver\u00e3o. Estamos a trabalhar para estarmos muito bem preparados. J\u00e1 estamos a fazer algumas coisas \u00e0 velocidade certa, outras ainda estamos a perceber. O presidente est\u00e1 muito motivado para tentar refor\u00e7ar a equipa de maneira a ser ainda mais competitiva. Podemos estar a avaliar coisas diferentes, mas a comunica\u00e7\u00e3o entre mim, o presidente e todas as partes envolvidas no mercado \u00e9 muito flu\u00edda e aberta. Estamos alinhados em rela\u00e7\u00e3o a todos os t\u00f3picos.<\/p>\n<p><strong>\u2014 Enquanto treinador, tem sido para si um desafio tirar estas arbitragens da mente dos jogadores?<\/strong><\/p>\n<p>\u2014 N\u00e3o quero falar muito mais disso, mas&#8230; Se for para casa e colocar a televis\u00e3o em qualquer canal, h\u00e1 dois ou tr\u00eas programas que falam maioritariamente sobre arbitragem. Abrimos um jornal e h\u00e1 v\u00e1rias p\u00e1ginas sobre casos de arbitragem, com coment\u00e1rios question\u00e1veis e an\u00e1lises question\u00e1veis. P\u00e1ginas e p\u00e1ginas. E \u00e0s vezes \u00e9 dif\u00edcil. Enquanto estrangeiro, algu\u00e9m que acabou de chegar&#8230; A quantidade de horas, v\u00eddeos e palavras que s\u00e3o escritas sobre esses casos \u00e9 surreal. E venho de um pa\u00eds como It\u00e1lia onde isto \u00e9 um tema importante todos os dias, bem como na Turquia. Mas aqui \u00e9 um n\u00edvel completamente diferente. Acho importante mostrar aos respons\u00e1veis que \u00e9 preciso acalmar as coisas. E a\u00ed chega a altura de alguns de n\u00f3s, voc\u00eas, recuarem e voltarem a falar do jogo. Portugal \u00e9 um pa\u00eds que produz talento para toda a Europa, um pa\u00eds que \u00e9 uma refer\u00eancia em todo o mundo. A Sele\u00e7\u00e3o vai competir para tentar vencer o Mundial&#8230; Acho que seria bom falar da qualidade dos treinadores portugueses, do campeonato e dos jogadores. Acho que estes deveriam ser os temas de toda a gente envolvida na ind\u00fastria do futebol portugu\u00eas. O primeiro passo tem de vir dos respons\u00e1veis por tudo isso, e n\u00f3s depois temos de seguir essa filosofia.<\/p>\n","protected":false},"excerpt":{"rendered":"\u2014 Que jogo espera frente ao Alverca? O que exigir\u00e1 ao FC Porto? \u2014 Esperamos um jogo complicado,&hellip;\n","protected":false},"author":2,"featured_media":197223,"comment_status":"","ping_status":"","sticky":false,"template":"","format":"standard","meta":{"footnotes":""},"categories":[8],"tags":[27,28,15,16,14,25,26,21,22,12,13,19,20,32,23,24,33,17,18,29,30,31],"class_list":{"0":"post-197222","1":"post","2":"type-post","3":"status-publish","4":"format-standard","5":"has-post-thumbnail","7":"category-principais-noticias","8":"tag-breaking-news","9":"tag-breakingnews","10":"tag-featured-news","11":"tag-featurednews","12":"tag-headlines","13":"tag-latest-news","14":"tag-latestnews","15":"tag-main-news","16":"tag-mainnews","17":"tag-news","18":"tag-noticias","19":"tag-noticias-principais","20":"tag-noticiasprincipais","21":"tag-portugal","22":"tag-principais-noticias","23":"tag-principaisnoticias","24":"tag-pt","25":"tag-top-stories","26":"tag-topstories","27":"tag-ultimas","28":"tag-ultimas-noticias","29":"tag-ultimasnoticias"},"share_on_mastodon":{"url":"https:\/\/pubeurope.com\/@pt\/115758308412778785","error":""},"_links":{"self":[{"href":"https:\/\/www.europesays.com\/pt\/wp-json\/wp\/v2\/posts\/197222","targetHints":{"allow":["GET"]}}],"collection":[{"href":"https:\/\/www.europesays.com\/pt\/wp-json\/wp\/v2\/posts"}],"about":[{"href":"https:\/\/www.europesays.com\/pt\/wp-json\/wp\/v2\/types\/post"}],"author":[{"embeddable":true,"href":"https:\/\/www.europesays.com\/pt\/wp-json\/wp\/v2\/users\/2"}],"replies":[{"embeddable":true,"href":"https:\/\/www.europesays.com\/pt\/wp-json\/wp\/v2\/comments?post=197222"}],"version-history":[{"count":0,"href":"https:\/\/www.europesays.com\/pt\/wp-json\/wp\/v2\/posts\/197222\/revisions"}],"wp:featuredmedia":[{"embeddable":true,"href":"https:\/\/www.europesays.com\/pt\/wp-json\/wp\/v2\/media\/197223"}],"wp:attachment":[{"href":"https:\/\/www.europesays.com\/pt\/wp-json\/wp\/v2\/media?parent=197222"}],"wp:term":[{"taxonomy":"category","embeddable":true,"href":"https:\/\/www.europesays.com\/pt\/wp-json\/wp\/v2\/categories?post=197222"},{"taxonomy":"post_tag","embeddable":true,"href":"https:\/\/www.europesays.com\/pt\/wp-json\/wp\/v2\/tags?post=197222"}],"curies":[{"name":"wp","href":"https:\/\/api.w.org\/{rel}","templated":true}]}}