{"id":197226,"date":"2025-12-21T15:42:14","date_gmt":"2025-12-21T15:42:14","guid":{"rendered":"https:\/\/www.europesays.com\/pt\/197226\/"},"modified":"2025-12-21T15:42:14","modified_gmt":"2025-12-21T15:42:14","slug":"leona-vence-batalha-com-ellen-e-adota-sofia","status":"publish","type":"post","link":"https:\/\/www.europesays.com\/pt\/197226\/","title":{"rendered":"Leona vence batalha com Ellen e adota Sofia"},"content":{"rendered":"<p>Nos cap\u00edtulos finais de Dona de Mim, Samuel (Juan Paiva) fica com a guarda definitiva de Sofia (Elis Cabral), pede Leona (Clara Moneke) em casamento e a ex-bab\u00e1 se torna m\u00e3e da &#8220;furac\u00e3ozinho&#8221;.<\/p>\n<p>continua depois da publicidade<\/p>\n<p><a href=\"https:\/\/natelinha.uol.com.br\/novelas\/2025\/12\/18\/dona-de-mim-samuel-revive-pesadelo-do-passado-entenda-235373.php\" rel=\"nofollow noopener\" target=\"_blank\">O presidente da Boaz se apaixonou pela estudante de marketing<\/a> assim que ela foi trabalhar na mans\u00e3o como bab\u00e1 da sua irm\u00e3zinha, mas o casal demorou um pouco para se acertar.<\/p>\n<p><a href=\"https:\/\/natelinha.uol.com.br\/novelas\/dona-de-mim\/personagem\/leona\" rel=\"nofollow noopener\" target=\"_blank\">Leona<\/a> chegou a ficar um tempo com Davi (Rafael Vitti), mas terminou o romance com o filho biol\u00f3gico de Jaques (Marcello Novaes) quando descobriu que os poemas que ele lhe dava eram escritos pelo irm\u00e3o.<\/p>\n<p>Com <a href=\"https:\/\/natelinha.uol.com.br\/novelas\/dona-de-mim\/personagem\/samuel\" rel=\"nofollow noopener\" target=\"_blank\">Samuel<\/a>, a suburbana experimentou uma rela\u00e7\u00e3o mais profunda, s\u00f3 que o namorou entrou em crise por causa dos interesses envolvendo <a href=\"https:\/\/natelinha.uol.com.br\/novelas\/dona-de-mim\/personagem\/sofia\" rel=\"nofollow noopener\" target=\"_blank\">Sofia<\/a>. No final da trama, <a href=\"https:\/\/natelinha.uol.com.br\/novelas\/2025\/12\/09\/dona-de-mim-ellen-pede-a-guarda-de-sofia-e-planeja-mudanca-para-portugal--234993.php\" rel=\"nofollow noopener\" target=\"_blank\">o rapaz fica com a guarda definitiva da menina<\/a> e se casa com a doidinha. Saiba mais!<\/p>\n<p>continua depois da publicidade<\/p>\n<p>Em Dona de Mim, Leona se casa com Samuel e adota Sofia<\/p>\n<p><img decoding=\"async\" loading=\"lazy\" class=\"horizontal\" src=\"https:\/\/www.europesays.com\/pt\/wp-content\/uploads\/2025\/12\/tv-globo-dona-de-mim-samuel-leona-e-sofia_6370.jpeg\" width=\"1280\" height=\"719\" alt=\"Final de Dona de Mim: Leona vence batalha com Ellen e adota Sofia\"\/><\/p>\n<p>Nas emo\u00e7\u00f5es fiais de Dona de Mim, Samuel enfrenta Ellen na justi\u00e7a pela guarda de Sofia, vence a batalha e pede Leona em casamento, realizando o sonho da mocinha de se tonar m\u00e3e da garotinha. Com informa\u00e7\u00f5es s\u00e3o da colunista Carla Bitencourt, do portal Leo Dias.<\/p>\n<p>A golpista volta logo ap\u00f3s saber que Vanderson (Armando Babaioff) morreu. Manipulada pelo atual companheiro, que est\u00e1 de olho na heran\u00e7a da enteada, a golpista vai brigar para ficar com a tutela da menor.<\/p>\n<p><a href=\"https:\/\/natelinha.uol.com.br\/novelas\/2025\/12\/16\/dona-de-mim-ellen-da-rasteira-em-hudson-saiba-como--235272.php\" rel=\"nofollow noopener\" target=\"_blank\">+\u00a0Dona de Mim: Ellen d\u00e1 rasteira em Hudson; saiba como<\/a><\/p>\n<p>continua depois da publicidade<\/p>\n<p>Antes de morrer, Abel (Tony Ramos) foi acusado pelo crime de falsidade ideol\u00f3gica porque registrou Sofia mesmo sabendo que n\u00e3o era pai biol\u00f3gico dela, e seu nome foi retirado da certid\u00e3o da crian\u00e7a.<\/p>\n<p>Desde ent\u00e3o, a menina virou piv\u00f4 de brigas judiciais, chegando a ficar temporariamente com Leona at\u00e9 o juiz dar a guarda primeiro Filipa (Cl\u00e1udia Abreu), vi\u00fava do empres\u00e1rio, e depois para Samuel.<\/p>\n<p>Agora, ser\u00e1 a vez de Ellen entrar na justi\u00e7a pedindo a guarda de Sofia, a filha que ela abandonou ainda beb\u00ea. Nos cap\u00edtulos finais da trama de Rosane Svartman, o juiz dar\u00e1 parecer favor\u00e1vel ao filho mais respons\u00e1vel de Abel.<\/p>\n<p>continua depois da publicidade<\/p>\n<p>A essa altura, Leona j\u00e1 ter\u00e1 terminado o namoro com Marlon (Humberto Morais). J\u00e1 o romance de Samuel com Vivian (Marina Rigueira), advogada dos Boaz, tamb\u00e9m n\u00e3o sobrevive.<\/p>\n<p><a href=\"https:\/\/natelinha.uol.com.br\/novelas\/2025\/12\/17\/dona-de-mim-ellen-perde-a-cabeca-e-ameaca-leona-235333.php\" rel=\"nofollow noopener\" target=\"_blank\">+\u00a0Dona de Mim: Ellen perde a cabe\u00e7a e amea\u00e7a Leona<\/a><\/p>\n<p>Com o caminho livre, o irm\u00e3o de Ayla (Bel Lima) pede a ex-bab\u00e1 em casamento. Apaixonada pelo mauricinho, a estudante de marketing aceita e, juntos, o casal forma uma fam\u00edlia ao lado de Sofia.<\/p>\n<p>A sequ\u00eancia vai ao ar na \u00faltima semana de Dona de Mim.<\/p>\n<p>O\u00a0<strong>NaTelinha<\/strong>\u00a0divulga todos os dias os\u00a0<a href=\"https:\/\/natelinha.uol.com.br\/novelas\" rel=\"nofollow noopener\" target=\"_blank\">resumos dos cap\u00edtulos<\/a>, detalhes dos personagens, entrevistas exclusivas com o elenco e spoiler da novela Dona de Mim.\u00a0<\/p>\n<p>continua depois da publicidade<\/p>\n<p><strong>Assista ao\u00a0v\u00eddeo de abertura da novela das sete:\u00a0 \u00a0<\/strong><\/p>\n<p>                                <img decoding=\"async\" loading=\"lazy\" class=\"horizontal\" alt=\"Imagem da thumbnail do v\u00eddeo!\" src=\"https:\/\/www.europesays.com\/pt\/wp-content\/uploads\/2025\/12\/1766331734_275_hqdefault.jpg\"\/><\/p>\n","protected":false},"excerpt":{"rendered":"Nos cap\u00edtulos finais de Dona de Mim, Samuel (Juan Paiva) fica com a guarda definitiva de Sofia (Elis&hellip;\n","protected":false},"author":2,"featured_media":197227,"comment_status":"","ping_status":"","sticky":false,"template":"","format":"standard","meta":{"footnotes":""},"categories":[142],"tags":[1718,114,115,1719,32,33,1720,4906,151],"class_list":{"0":"post-197226","1":"post","2":"type-post","3":"status-publish","4":"format-standard","5":"has-post-thumbnail","7":"category-tv","8":"tag-dona-de-mim","9":"tag-entertainment","10":"tag-entretenimento","11":"tag-leona-dona-de-mim","12":"tag-portugal","13":"tag-pt","14":"tag-samuel-dona-de-mim","15":"tag-sofia-dona-de-mim","16":"tag-tv"},"share_on_mastodon":{"url":"https:\/\/pubeurope.com\/@pt\/115758324405920423","error":""},"_links":{"self":[{"href":"https:\/\/www.europesays.com\/pt\/wp-json\/wp\/v2\/posts\/197226","targetHints":{"allow":["GET"]}}],"collection":[{"href":"https:\/\/www.europesays.com\/pt\/wp-json\/wp\/v2\/posts"}],"about":[{"href":"https:\/\/www.europesays.com\/pt\/wp-json\/wp\/v2\/types\/post"}],"author":[{"embeddable":true,"href":"https:\/\/www.europesays.com\/pt\/wp-json\/wp\/v2\/users\/2"}],"replies":[{"embeddable":true,"href":"https:\/\/www.europesays.com\/pt\/wp-json\/wp\/v2\/comments?post=197226"}],"version-history":[{"count":0,"href":"https:\/\/www.europesays.com\/pt\/wp-json\/wp\/v2\/posts\/197226\/revisions"}],"wp:featuredmedia":[{"embeddable":true,"href":"https:\/\/www.europesays.com\/pt\/wp-json\/wp\/v2\/media\/197227"}],"wp:attachment":[{"href":"https:\/\/www.europesays.com\/pt\/wp-json\/wp\/v2\/media?parent=197226"}],"wp:term":[{"taxonomy":"category","embeddable":true,"href":"https:\/\/www.europesays.com\/pt\/wp-json\/wp\/v2\/categories?post=197226"},{"taxonomy":"post_tag","embeddable":true,"href":"https:\/\/www.europesays.com\/pt\/wp-json\/wp\/v2\/tags?post=197226"}],"curies":[{"name":"wp","href":"https:\/\/api.w.org\/{rel}","templated":true}]}}