{"id":197228,"date":"2025-12-21T15:43:15","date_gmt":"2025-12-21T15:43:15","guid":{"rendered":"https:\/\/www.europesays.com\/pt\/197228\/"},"modified":"2025-12-21T15:43:15","modified_gmt":"2025-12-21T15:43:15","slug":"selena-gomez-explica-por-que-sua-voz-mudou-em-meio-a-rumores-de-retorno-aos-palcos-r7-entretenimento","status":"publish","type":"post","link":"https:\/\/www.europesays.com\/pt\/197228\/","title":{"rendered":"Selena Gomez explica por que sua voz mudou em meio a rumores de retorno aos palcos \u2013 R7 Entretenimento"},"content":{"rendered":"<p>LEIA AQUI O RESUMO DA NOT\u00cdCIA<\/p>\n<ul class=\"b-article-body-custom-embed-brief-news__list\" style=\"margin: 0; padding-left: 20px; list-style-type: disc;\">\n<li>Selena Gomez est\u00e1 afastada dos palcos desde 2016 e expressou saudade de trabalhar com m\u00fasica.<\/li>\n<li>A mudan\u00e7a em sua voz se deve ao incha\u00e7o na garganta causado pelos medicamentos para tratar o l\u00fapus.<\/li>\n<li>A artista, que lida com a doen\u00e7a desde 2014, tamb\u00e9m desenvolveu artrite como condi\u00e7\u00e3o associada.<\/li>\n<li>Atualmente, Selena foca na carreira de atriz, com destaque para o filme &#8220;Emilia P\u00e9rez&#8221; e a s\u00e9rie &#8220;Only Murders in the Building&#8221;.<\/li>\n<\/ul>\n<p style=\"font-size: 0.8em; font-style: italic; text-align: right; margin-top: 15px; padding-bottom: 5px; margin-bottom: 0;\">Produzido pela Ri7a &#8211; a Intelig\u00eancia Artificial do R7<\/p>\n<p><img decoding=\"async\" data-chromatic=\"ignore\" alt=\"\" class=\"c-image\" loading=\"lazy\" src=\"https:\/\/www.europesays.com\/pt\/wp-content\/uploads\/2025\/12\/BP6HT7SJTFCJZCWRJ5Q7CEEAOQ.jpeg\"  width=\"886\" height=\"531\"\/>Artista trata o l\u00fapus desde 2014 e j\u00e1 precisou passar por um transplante de rim Reprodu\u00e7\u00e3o\/Instagram\/@selenagomez <\/p>\n<p class=\"jarvics:base-text-neutral-high-400 base-text-[calc(theme(fontSize.xs)_*_var(--font-size,_1))] base-font-normal base-font-primary base-text-neutral-low-500 base-text-left\">Afastada dos palcos desde 2016, <a href=\"https:\/\/entretenimento.r7.com\/prisma\/keila-jimenez\/o-que-fez-selena-gomez-tremer-tanto-em-video-que-preocupa-fas-30012023\/\" target=\"_self\" rel=\"nofollow noopener\" title=\"https:\/\/entretenimento.r7.com\/prisma\/keila-jimenez\/o-que-fez-selena-gomez-tremer-tanto-em-video-que-preocupa-fas-30012023\/\">Selena Gomez<\/a> recentemente deu esperan\u00e7as aos f\u00e3s ao dizer que sente saudades de <a href=\"https:\/\/entretenimento.r7.com\/musica\/\" target=\"_self\" rel=\"nofollow noopener\" title=\"https:\/\/entretenimento.r7.com\/musica\/\">trabalhar com m\u00fasica<\/a>. Dias depois, ela voltou a interagir com os seguidores em uma live no Instagram, na qual comentou sobre a mudan\u00e7a em sua voz.<\/p>\n<p class=\"jarvics:base-text-neutral-high-400 base-text-[calc(theme(fontSize.xs)_*_var(--font-size,_1))] base-font-normal base-font-primary base-text-neutral-low-500 base-text-left\">Em meio a especula\u00e7\u00f5es sobre sua maneira de falar e seu tom de voz, a empres\u00e1ria e atriz explicou que os medicamentos para o l\u00fapus acabam inchando sua garganta.<\/p>\n<p class=\"jarvics:base-text-neutral-high-400 base-text-[calc(theme(fontSize.xs)_*_var(--font-size,_1))] base-font-normal base-font-primary base-text-neutral-low-500 base-text-left\">\u201cEu realmente n\u00e3o me importo de falar a respeito\u201d, explicou Selena para a pessoa que fez a pergunta. \u201cEu fico estranha. Minha garganta meio que incha por dentro \u00e0s vezes. \u00c9 s\u00f3 isso\u201d, completou.<\/p>\n<p class=\"jarvics:base-text-neutral-high-400 base-text-[calc(theme(fontSize.xs)_*_var(--font-size,_1))] base-font-normal base-font-primary base-text-neutral-low-500 base-text-left\">A artista trata o l\u00fapus desde 2014 e j\u00e1 precisou passar por um transplante de rim, quando sua amiga <a href=\"https:\/\/entretenimento.r7.com\/observatorio-dos-famosos\/amiga-que-doou-rim-a-selena-gomez-e-nao-foi-ao-casamento-dela-fala-sobre-briga-entre-elas-08102025\/\" target=\"_self\" rel=\"nofollow noopener\" title=\"https:\/\/entretenimento.r7.com\/observatorio-dos-famosos\/amiga-que-doou-rim-a-selena-gomez-e-nao-foi-ao-casamento-dela-fala-sobre-briga-entre-elas-08102025\/\">Francia Ra\u00edsa<\/a> foi a doadora. Segundo Gomez, os medicamentos t\u00eam efeitos colaterais, e um deles \u00e9 o incha\u00e7o na garganta, o que acaba alterando seu jeito de falar.<\/p>\n<p class=\"jarvics:base-text-neutral-high-400 base-text-[calc(theme(fontSize.xs)_*_var(--font-size,_1))] base-font-normal base-font-primary base-text-neutral-low-500 base-text-left\">O l\u00fapus \u00e9 uma doen\u00e7a inflamat\u00f3ria autoimune que n\u00e3o tem cura, mas pode ser controlada com medicamentos. Em entrevista ao podcast Good Hang with Amy Poehler, Selena revelou que a condi\u00e7\u00e3o tamb\u00e9m fez com que ela desenvolvesse artrite.<\/p>\n<p class=\"jarvics:base-text-neutral-high-400 base-text-[calc(theme(fontSize.xs)_*_var(--font-size,_1))] base-font-normal base-font-primary base-text-neutral-low-500 base-text-left\">At\u00e9 encontrar a medica\u00e7\u00e3o certa, ela contou que precisava de ajuda at\u00e9 para abrir uma garrafa de \u00e1gua. Esse foi, inclusive, um dos motivos pelos quais apostou em embalagens ergon\u00f4micas em sua marca de produtos de beleza, a Rare Beauty.<\/p>\n<p class=\"jarvics:base-text-neutral-high-400 base-text-[calc(theme(fontSize.xs)_*_var(--font-size,_1))] base-font-normal base-font-primary base-text-neutral-low-500 base-text-left\">Anteriormente, a empres\u00e1ria havia dito que n\u00e3o pretende voltar aos palcos porque prefere focar na carreira de atriz. Um de seus trabalhos mais recentes foi o filme premiado Emilia P\u00e9rez, que lhe rendeu uma indica\u00e7\u00e3o ao Globo de Ouro na categoria de Melhor Atriz Coadjuvante.<\/p>\n<p class=\"jarvics:base-text-neutral-high-400 base-text-[calc(theme(fontSize.xs)_*_var(--font-size,_1))] base-font-normal base-font-primary base-text-neutral-low-500 base-text-left\">Ela tamb\u00e9m \u00e9 protagonista da s\u00e9rie de sucesso Only Murders in the Building, ao lado de Martin Short, Steve Martin e Meryl Streep.<\/p>\n<p><video controls=\"\" class=\"video-js\" preload=\"metadata\" poster=\"https:\/\/d22yf0mxeu0gma.cloudfront.net\/11-17-2025\/t_ebca45da9bf944d2b4ddc575a2b09f93_name_RBB7XNBRJBDCZANHPVUYTNC6NU.jpeg\" title=\"&#x2018;Tem sido um sonho&#x2019;, diz Selena Gomez sobre casamento com Benny Blanco\" data-sprite-url=\"\" data-metadata=\"{&quot;title&quot;:&quot;&#x2018;Tem sido um sonho&#x2019;, diz Selena Gomez sobre casamento com Benny Blanco&quot;,&quot;sectionName&quot;:&quot;R7&quot;,&quot;mainSection&quot;:&quot;M&#xFA;sica&quot;,&quot;subSection&quot;:&quot;&quot;,&quot;views&quot;:&quot;&quot;,&quot;disableAdv&quot;:&quot;false&quot;,&quot;createdDate&quot;:&quot;2025-11-17T10:39:28Z&quot;,&quot;mainSectionUrl&quot;:&quot;https:\/\/entretenimento.r7.com\/bang-showbiz\/video\/tem-sido-um-sonho-diz-selena-gomez-sobre-casamento-com-benny-blanco-17112025\/&quot;,&quot;sectionPath&quot;:&quot;https:\/\/entretenimento.r7.com\/bang-showbiz&quot;,&quot;ageRating&quot;:&quot;&quot;,&quot;ageRatingDescription&quot;:&quot;&quot;,&quot;duration&quot;:90495,&quot;playerUrl&quot;:&quot;https:\/\/entretenimento.r7.com\/player\/6761b7a6-1cda-4d85-ba87-72b60ba2e638\/&quot;}\" data-player-params=\"{&quot;p&quot;:&quot;true&quot;,&quot;autoPlay&quot;:&quot;false&quot;,&quot;logo&quot;:&quot;true&quot;,&quot;playlistId&quot;:&quot;false&quot;,&quot;calhau&quot;:&quot;false&quot;,&quot;share&quot;:&quot;true&quot;,&quot;sz&quot;:&quot;false&quot;,&quot;full&quot;:&quot;true&quot;,&quot;customAdHash&quot;:&quot;\/7542\/R7entretenimento\/musica&quot;,&quot;referrerUrl&quot;:&quot;&quot;,&quot;externalLinks&quot;:&quot;true&quot;,&quot;debug&quot;:&quot;false&quot;,&quot;debugHash&quot;:&quot;false&quot;,&quot;debugRelated&quot;:&quot;false&quot;,&quot;timerRelated&quot;:&quot;true&quot;,&quot;logoRecord&quot;:&quot;false&quot;,&quot;contextModal&quot;:&quot;false&quot;,&quot;parentUrl&quot;:&quot;https:\/\/record.r7.com\/&quot;,&quot;t&quot;:&quot;0&quot;,&quot;noTitle&quot;:false,&quot;endBehavior&quot;:&quot;default&quot;}\" data-related-videos=\"\" data-player-url=\"https:\/\/entretenimento.r7.com\/player\/6761b7a6-1cda-4d85-ba87-72b60ba2e638\/\" data-arc-video=\"\" data-arc-id=\"6761b7a6-1cda-4d85-ba87-72b60ba2e638\" data-short=\"false\" style=\"visibility:hidden\"><\/video><\/p>\n<p class=\"jarvics:base-text-neutral-high-400 base-text-[calc(theme(fontSize.xs)_*_var(--font-size,_1))] base-font-normal base-font-primary base-text-neutral-low-500 base-text-left\"><b>Para saber tudo do mundo dos famosos, <\/b><a href=\"https:\/\/whatsapp.com\/channel\/0029Va9UfKcHQbRyCyhPt71R\" rel=\"nofollow noopener\" target=\"_blank\"><b>siga o canal de entretenimento do R7<\/b><\/a><b>, o portal de not\u00edcias da RECORD, no WhatsApp<\/b><\/p>\n","protected":false},"excerpt":{"rendered":"LEIA AQUI O RESUMO DA NOT\u00cdCIA Selena Gomez est\u00e1 afastada dos palcos desde 2016 e expressou saudade de&hellip;\n","protected":false},"author":2,"featured_media":197229,"comment_status":"","ping_status":"","sticky":false,"template":"","format":"standard","meta":{"footnotes":""},"categories":[141],"tags":[114,115,3034,149,150,32,33],"class_list":{"0":"post-197228","1":"post","2":"type-post","3":"status-publish","4":"format-standard","5":"has-post-thumbnail","7":"category-musica","8":"tag-entertainment","9":"tag-entretenimento","10":"tag-famosos-e-celebridades","11":"tag-music","12":"tag-musica","13":"tag-portugal","14":"tag-pt"},"share_on_mastodon":{"url":"https:\/\/pubeurope.com\/@pt\/115758327963324797","error":""},"_links":{"self":[{"href":"https:\/\/www.europesays.com\/pt\/wp-json\/wp\/v2\/posts\/197228","targetHints":{"allow":["GET"]}}],"collection":[{"href":"https:\/\/www.europesays.com\/pt\/wp-json\/wp\/v2\/posts"}],"about":[{"href":"https:\/\/www.europesays.com\/pt\/wp-json\/wp\/v2\/types\/post"}],"author":[{"embeddable":true,"href":"https:\/\/www.europesays.com\/pt\/wp-json\/wp\/v2\/users\/2"}],"replies":[{"embeddable":true,"href":"https:\/\/www.europesays.com\/pt\/wp-json\/wp\/v2\/comments?post=197228"}],"version-history":[{"count":0,"href":"https:\/\/www.europesays.com\/pt\/wp-json\/wp\/v2\/posts\/197228\/revisions"}],"wp:featuredmedia":[{"embeddable":true,"href":"https:\/\/www.europesays.com\/pt\/wp-json\/wp\/v2\/media\/197229"}],"wp:attachment":[{"href":"https:\/\/www.europesays.com\/pt\/wp-json\/wp\/v2\/media?parent=197228"}],"wp:term":[{"taxonomy":"category","embeddable":true,"href":"https:\/\/www.europesays.com\/pt\/wp-json\/wp\/v2\/categories?post=197228"},{"taxonomy":"post_tag","embeddable":true,"href":"https:\/\/www.europesays.com\/pt\/wp-json\/wp\/v2\/tags?post=197228"}],"curies":[{"name":"wp","href":"https:\/\/api.w.org\/{rel}","templated":true}]}}