{"id":197238,"date":"2025-12-21T15:50:28","date_gmt":"2025-12-21T15:50:28","guid":{"rendered":"https:\/\/www.europesays.com\/pt\/197238\/"},"modified":"2025-12-21T15:50:28","modified_gmt":"2025-12-21T15:50:28","slug":"eua-lancam-ataque-macico-contra-alvos-do-estado-islamico-na-siria-2","status":"publish","type":"post","link":"https:\/\/www.europesays.com\/pt\/197238\/","title":{"rendered":"EUA lan\u00e7am &#8220;ataque maci\u00e7o&#8221; contra alvos do Estado Isl\u00e2mico na S\u00edria"},"content":{"rendered":"<p data-remotead-prev-elm=\"true\" data-remotead-elm-id=\"inread\">O Comando Central norte-americano (CENTCOM) referiu num breve comunicado que as suas for\u00e7as &#8220;iniciaram um ataque em grande escala contra as infraestruturas e os dep\u00f3sitos de armas do Estado Isl\u00e2mico (EI) na S\u00edria&#8221;.<\/p>\n<p>&#8220;Este ataque maci\u00e7o ocorre ap\u00f3s o ataque de 13 de dezembro contra as for\u00e7as norte-americanas e aliadas&#8221;, adiantou, em refer\u00eancia ao atentado mortal contra os seus militares na prov\u00edncia s\u00edria de Palmira.<\/p>\n<p data-remotead-prev-elm=\"true\" data-remotead-elm-id=\"centro1\">Posteriormente, o CENTCOM indicou que as for\u00e7as armadas norte-americanas tinham j\u00e1 atingido mais de 70 alvos do EI em v\u00e1rias localidades do centro da S\u00edria, usando ca\u00e7as, helic\u00f3pteros e artilharia.<\/p>\n<p>A opera\u00e7\u00e3o teve in\u00edcio \u00e0s 16 horas de Washington (21 horas em Portugal continental) e foram utilizadas contra posi\u00e7\u00f5es controladas pelo EI &#8220;mais de 100 muni\u00e7\u00f5es de precis\u00e3o guiadas&#8221;, referiu o comando militar norte-americano.<\/p>\n<p>&#8220;\u00c9 uma declara\u00e7\u00e3o de vingan\u00e7a&#8221;<\/p>\n<p>O secret\u00e1rio da Defesa, Pete Hegseth, referiu nas redes sociais que o objetivo do ataque \u00e9 &#8220;eliminar os combatentes, as infraestruturas e as instala\u00e7\u00f5es de armamento do Estado Isl\u00e2mico&#8221; na S\u00edria.<\/p>\n<p data-remotead-prev-elm=\"true\" data-remotead-elm-id=\"centro2\">&#8220;Este n\u00e3o \u00e9 o in\u00edcio de uma guerra &#8211; \u00e9 uma declara\u00e7\u00e3o de vingan\u00e7a. Os Estados Unidos da Am\u00e9rica, sob a lideran\u00e7a do presidente Trump, nunca hesitar\u00e3o e nunca ceder\u00e3o na defesa do seu povo&#8221;, adiantou.<\/p>\n<p>Um respons\u00e1vel norte-americano disse \u00e0 Associated Press que o ataque foi realizado com ca\u00e7as F-15 Eagle, avi\u00f5es de ataque ao solo A-10 Thunderbolt e helic\u00f3pteros AH-64 Apache. O respons\u00e1vel, que falou sob anonimato dada a natureza sens\u00edvel das opera\u00e7\u00f5es, adiantou que dever\u00e3o ter lugar mais ataques.<\/p>\n<p>&#8220;Hoje <strong>ca\u00e7amos e matamos inimigos<\/strong>. Muitos inimigos. E vamos continuar&#8221;, sublinhou o secret\u00e1rio da Defesa.<\/p>\n<p data-remotead-prev-elm=\"true\" data-remotead-elm-id=\"centro3\">Anna Kelly, vice-secret\u00e1ria de imprensa da Casa Branca, afirmou em comunicado que o presidente Donald Trump est\u00e1 a &#8220;cumprir a promessa&#8221; de vingar a morte dos &#8220;her\u00f3is&#8221; norte-americanos pelo EI.<\/p>\n<p>Trump j\u00e1 havia assegurado que haveria &#8220;retalia\u00e7\u00e3o&#8221; pelo ataque do EI, precisando que aconteceu &#8220;numa zona muito perigosa da S\u00edria, que n\u00e3o \u00e9 totalmente controlada&#8221; pelo governo de Damasco.<\/p>\n<p>Esta foi a primeira vez que um ataque deste tipo ocorreu na S\u00edria desde que, h\u00e1 um ano, uma coliga\u00e7\u00e3o isl\u00e2mica que se aproximou dos Estados Unidos tomou o poder.<\/p>\n<p data-remotead-prev-elm=\"true\" data-remotead-elm-id=\"centro4\">Num momento de aproxima\u00e7\u00e3o entre Washington e as novas autoridades s\u00edrias, Trump salientou que estas estavam a combater ao lado das tropas norte-americanas e que o presidente s\u00edrio, Ahmad al-Sharaa, ficou &#8220;extremamente irritado e perturbado com este ataque&#8221;.<\/p>\n<p>Ataque com apoio de Damasco<\/p>\n<p>O presidente norte-americano, Donald Trump, afirmou ter o apoio do governo da S\u00edria para o ataque de retalia\u00e7\u00e3o lan\u00e7ado contra alvos do EI.<\/p>\n<p>&#8220;O Governo da S\u00edria, liderado por um homem que est\u00e1 a trabalhar arduamente para trazer a grandeza de volta \u00e0 S\u00edria, apoia totalmente esta iniciativa&#8221;, afirmou Trump nas redes sociais.<\/p>\n<p data-remotead-prev-elm=\"true\" data-remotead-elm-id=\"centro5\">&#8220;Todos os terroristas que forem suficientemente p\u00e9rfidos para atacar americanos est\u00e3o avisados: SER\u00c3O ATINGIDOS COM MAIS FOR\u00c7A DO QUE NUNCA SE ATACAREM OU AMEA\u00c7AREM OS EUA DE QUALQUER FORMA&#8221;, adiantou o presidente norte-americano.<\/p>\n<p>Emboscada<\/p>\n<p>Trump reuniu-se esta semana em privado na Base A\u00e9rea de Dover, no Delaware, com as fam\u00edlias dos norte-americanos mortos.<\/p>\n<p>Juntou-se depois a altos oficiais militares e outras autoridades na pista de aterragem para a solene transfer\u00eancia dos corpos, um ritual silencioso em homenagem aos militares norte-americanos mortos em combate.<\/p>\n<p data-remotead-prev-elm=\"true\" data-remotead-elm-id=\"centro6\"><img decoding=\"async\" class=\"ngx-body\" guid=\"6d543b21-9c01-4630-84e7-8f98e418376f\" src=\"https:\/\/www.europesays.com\/pt\/wp-content\/uploads\/2025\/12\/1766332227_355_image.webp\" width=\"100%\"\/><br \/>Foto: Anna Moneymaker\/Getty Images\/AFP<\/p>\n<p>Washington afirmou que os norte-americanos foram mortos na sequ\u00eancia de uma &#8220;emboscada por um atirador isolado&#8221; do EI, que no passado controlava a regi\u00e3o de Palmira. Tr\u00eas outros soldados norte-americanos ficaram feridos neste atentado, de acordo com o comando militar americano para o M\u00e9dio Oriente. O agressor, um membro das for\u00e7as de seguran\u00e7a s\u00edrias que se ter\u00e1 radicalizado, tamb\u00e9m morreu.<\/p>\n<p>O contingente norte-americano estava na regi\u00e3o des\u00e9rtica de Palmira para uma miss\u00e3o de apoio \u00e0s opera\u00e7\u00f5es em curso contra o EI, segundo o Pent\u00e1gono, que adiantou que o civil norte-americano morto era um int\u00e9rprete.<\/p>\n<p>O governo s\u00edrio condenou o &#8220;ataque terrorista&#8221;, que tamb\u00e9m feriu dois membros das for\u00e7as de seguran\u00e7a s\u00edrias, segundo a ag\u00eancia oficial Sana.<\/p>\n<p>Fontes citadas por uma cadeia de televis\u00e3o s\u00edria indicaram que os militares da for\u00e7a internacional apoiados pelo ex\u00e9rcito s\u00edrio detiveram pelo menos tr\u00eas pessoas numa incurs\u00e3o nos bairros de Al Wasi e Al Yunhuriya, em Palmira, que durou cerca de duas horas.<\/p>\n<p>Anteriormente, avi\u00f5es americanos lan\u00e7aram m\u00edsseis sobre a cidade, segundo a S\u00edria TV. O jornal americano &#8220;The Wall Street Journal&#8221; informou que dois avi\u00f5es F-16 foram enviados para sobrevoar Palmira como um gesto de for\u00e7a ap\u00f3s o ataque.<\/p>\n","protected":false},"excerpt":{"rendered":"O Comando Central norte-americano (CENTCOM) referiu num breve comunicado que as suas for\u00e7as &#8220;iniciaram um ataque em grande&hellip;\n","protected":false},"author":2,"featured_media":197239,"comment_status":"","ping_status":"","sticky":false,"template":"","format":"standard","meta":{"footnotes":""},"categories":[50],"tags":[27,28,413,15,16,39443,14,25,26,21,22,62,12,13,19,20,23,24,20900,17,18,29,30,31,63,64,65],"class_list":{"0":"post-197238","1":"post","2":"type-post","3":"status-publish","4":"format-standard","5":"has-post-thumbnail","7":"category-mundo","8":"tag-breaking-news","9":"tag-breakingnews","10":"tag-eua","11":"tag-featured-news","12":"tag-featurednews","13":"tag-grupo-estado-islamico","14":"tag-headlines","15":"tag-latest-news","16":"tag-latestnews","17":"tag-main-news","18":"tag-mainnews","19":"tag-mundo","20":"tag-news","21":"tag-noticias","22":"tag-noticias-principais","23":"tag-noticiasprincipais","24":"tag-principais-noticias","25":"tag-principaisnoticias","26":"tag-siria","27":"tag-top-stories","28":"tag-topstories","29":"tag-ultimas","30":"tag-ultimas-noticias","31":"tag-ultimasnoticias","32":"tag-world","33":"tag-world-news","34":"tag-worldnews"},"share_on_mastodon":{"url":"https:\/\/pubeurope.com\/@pt\/115758355612174318","error":""},"_links":{"self":[{"href":"https:\/\/www.europesays.com\/pt\/wp-json\/wp\/v2\/posts\/197238","targetHints":{"allow":["GET"]}}],"collection":[{"href":"https:\/\/www.europesays.com\/pt\/wp-json\/wp\/v2\/posts"}],"about":[{"href":"https:\/\/www.europesays.com\/pt\/wp-json\/wp\/v2\/types\/post"}],"author":[{"embeddable":true,"href":"https:\/\/www.europesays.com\/pt\/wp-json\/wp\/v2\/users\/2"}],"replies":[{"embeddable":true,"href":"https:\/\/www.europesays.com\/pt\/wp-json\/wp\/v2\/comments?post=197238"}],"version-history":[{"count":0,"href":"https:\/\/www.europesays.com\/pt\/wp-json\/wp\/v2\/posts\/197238\/revisions"}],"wp:featuredmedia":[{"embeddable":true,"href":"https:\/\/www.europesays.com\/pt\/wp-json\/wp\/v2\/media\/197239"}],"wp:attachment":[{"href":"https:\/\/www.europesays.com\/pt\/wp-json\/wp\/v2\/media?parent=197238"}],"wp:term":[{"taxonomy":"category","embeddable":true,"href":"https:\/\/www.europesays.com\/pt\/wp-json\/wp\/v2\/categories?post=197238"},{"taxonomy":"post_tag","embeddable":true,"href":"https:\/\/www.europesays.com\/pt\/wp-json\/wp\/v2\/tags?post=197238"}],"curies":[{"name":"wp","href":"https:\/\/api.w.org\/{rel}","templated":true}]}}