{"id":197242,"date":"2025-12-21T15:52:11","date_gmt":"2025-12-21T15:52:11","guid":{"rendered":"https:\/\/www.europesays.com\/pt\/197242\/"},"modified":"2025-12-21T15:52:11","modified_gmt":"2025-12-21T15:52:11","slug":"ator-joaquim-monchique-sofre-avc","status":"publish","type":"post","link":"https:\/\/www.europesays.com\/pt\/197242\/","title":{"rendered":"Ator Joaquim Monchique sofre AVC"},"content":{"rendered":"<p class=\"category\"><a href=\"https:\/\/sicnoticias.pt\/cultura\" rel=\"nofollow noopener\" target=\"_blank\">Cultura<\/a><\/p>\n<p class=\"status ematualizacao\">Em atualiza\u00e7\u00e3o<\/p>\n<p>Epis\u00f3dio aconteceu na noite de s\u00e1bado e o ator de 57 anos foi transportado para o hospital de Bragan\u00e7a, tendo sido transferido para Lisboa na manh\u00e3 deste domingo.<\/p>\n<p><img decoding=\"async\" src=\"https:\/\/www.europesays.com\/pt\/wp-content\/uploads\/2025\/12\/1766332331_682_original.webp\" alt=\"Matilde Fieschi \u2013 Podcast Na Realidade \u00e9 Fic\u00e7\u00e3o com Joaquim Monchique \u2013 27 de Junho de 2024.\"\/><\/p>\n<p>Matilde Fieschi \u2013 Podcast Na Realidade \u00e9 Fic\u00e7\u00e3o com Joaquim Monchique \u2013 27 de Junho de 2024.<\/p>\n<p><strong>O ator Joaquim Monchique sofreu um AVC na noite de s\u00e1bado, depois da apresenta\u00e7\u00e3o da pe\u00e7a \u201cLar Doce Lar\u201d, no Teatro Municipal de Bragan\u00e7a.<\/strong><\/p>\n<p>A not\u00edcia foi avan\u00e7ada pelo <a href=\"https:\/\/www.cmjornal.pt\/vidas\/ultimas\/detalhe\/joaquim-monchique-sofre-avc-depois-de-espetaculo-em-braganca\" target=\"_blank\" rel=\"noopener noreferrer nofollow\">Correio da Manh\u00e3<\/a> e confirmada pela SIC. A SIC sabe que o ator &#8220;est\u00e1 bem e orientado&#8221;, tendo sofrido um &#8220;AVC ligeiro&#8221;.<\/p>\n<p>O ator, de 57 anos, <strong>sentiu-se mal no camarim<\/strong>, depois de sair de palco, e acabou por ser transportado para o hospital local. Ao final da manh\u00e3 de hoje, foi<strong> transferido para o hospital CUF, em Lisboa<\/strong>.<\/p>\n<p>\u201cLar Doce Lar\u201d \u00e9 um espet\u00e1culo em que Joaquim Monchique contracena com Maria Rueff.<\/p>\n<p>&#8220;Lar doce lar&#8221;<\/p>\n<p>O ator estreou-se em televis\u00e3o no programa de Filipe La F\u00e9ria &#8220;A Grande Noite&#8221;, mas foi com a sua <strong>personagem &#8220;Pilita&#8221;<\/strong>, no programa de Herman Jos\u00e9, na SIC, que se popularizou no formato da com\u00e9dia.<\/p>\n","protected":false},"excerpt":{"rendered":"Cultura Em atualiza\u00e7\u00e3o Epis\u00f3dio aconteceu na noite de s\u00e1bado e o ator de 57 anos foi transportado para&hellip;\n","protected":false},"author":2,"featured_media":197243,"comment_status":"","ping_status":"","sticky":false,"template":"","format":"standard","meta":{"footnotes":""},"categories":[8],"tags":[27,28,15,16,14,25,26,21,22,12,13,19,20,32,23,24,33,17,18,29,30,31],"class_list":{"0":"post-197242","1":"post","2":"type-post","3":"status-publish","4":"format-standard","5":"has-post-thumbnail","7":"category-principais-noticias","8":"tag-breaking-news","9":"tag-breakingnews","10":"tag-featured-news","11":"tag-featurednews","12":"tag-headlines","13":"tag-latest-news","14":"tag-latestnews","15":"tag-main-news","16":"tag-mainnews","17":"tag-news","18":"tag-noticias","19":"tag-noticias-principais","20":"tag-noticiasprincipais","21":"tag-portugal","22":"tag-principais-noticias","23":"tag-principaisnoticias","24":"tag-pt","25":"tag-top-stories","26":"tag-topstories","27":"tag-ultimas","28":"tag-ultimas-noticias","29":"tag-ultimasnoticias"},"share_on_mastodon":{"url":"https:\/\/pubeurope.com\/@pt\/115758363350516315","error":""},"_links":{"self":[{"href":"https:\/\/www.europesays.com\/pt\/wp-json\/wp\/v2\/posts\/197242","targetHints":{"allow":["GET"]}}],"collection":[{"href":"https:\/\/www.europesays.com\/pt\/wp-json\/wp\/v2\/posts"}],"about":[{"href":"https:\/\/www.europesays.com\/pt\/wp-json\/wp\/v2\/types\/post"}],"author":[{"embeddable":true,"href":"https:\/\/www.europesays.com\/pt\/wp-json\/wp\/v2\/users\/2"}],"replies":[{"embeddable":true,"href":"https:\/\/www.europesays.com\/pt\/wp-json\/wp\/v2\/comments?post=197242"}],"version-history":[{"count":0,"href":"https:\/\/www.europesays.com\/pt\/wp-json\/wp\/v2\/posts\/197242\/revisions"}],"wp:featuredmedia":[{"embeddable":true,"href":"https:\/\/www.europesays.com\/pt\/wp-json\/wp\/v2\/media\/197243"}],"wp:attachment":[{"href":"https:\/\/www.europesays.com\/pt\/wp-json\/wp\/v2\/media?parent=197242"}],"wp:term":[{"taxonomy":"category","embeddable":true,"href":"https:\/\/www.europesays.com\/pt\/wp-json\/wp\/v2\/categories?post=197242"},{"taxonomy":"post_tag","embeddable":true,"href":"https:\/\/www.europesays.com\/pt\/wp-json\/wp\/v2\/tags?post=197242"}],"curies":[{"name":"wp","href":"https:\/\/api.w.org\/{rel}","templated":true}]}}