{"id":197252,"date":"2025-12-21T15:59:08","date_gmt":"2025-12-21T15:59:08","guid":{"rendered":"https:\/\/www.europesays.com\/pt\/197252\/"},"modified":"2025-12-21T15:59:08","modified_gmt":"2025-12-21T15:59:08","slug":"farioli-a-situacao-esta-a-tornar-se-insustentavel","status":"publish","type":"post","link":"https:\/\/www.europesays.com\/pt\/197252\/","title":{"rendered":"Farioli: \u00abA situa\u00e7\u00e3o est\u00e1 a tornar-se insustent\u00e1vel\u00bb"},"content":{"rendered":"<p><strong>O treinador do FC Porto, Francesco Farioli, fez ao in\u00edcio da tarde deste domingo a antevis\u00e3o \u00e0 <a href=\"https:\/\/maisfutebol.iol.pt\/jogo\/alverca\/fc-porto\/13828183\" target=\"_blank\" rel=\"nofollow noopener\">visita a Alverca, para o jogo da 15.\u00aa jornada da Liga, marcado para as 18h45 de segunda-feira<\/a>:<\/strong><\/p>\n<p> Se h\u00e1 receios sobre a arbitragem de Jo\u00e3o Pinheiro em Alverca depois do Santa Clara-Sporting: <\/p>\n<p>\u00abN\u00e3o, isto n\u00e3o \u00e9 sobre a atua\u00e7\u00e3o do \u00e1rbitro ou de um caso \u00fanico. Honestamente, os erros fazem parte do jogo, os jogadores falham golos, o treinador \u2013 eu \u2013 falha nas substitui\u00e7\u00f5es, faz parte do jogo. Neste caso, os erros do \u00e1rbitro s\u00e3o, de alguma forma, normais. O problema penso que \u00e9 algo mais profundo, porque no fim, quando se sente que o sistema est\u00e1 constantemente a falhar, \u00e9 algo que penso que deve ser abordado com foco, dando o valor certo ao que acontece, para respeitar o valor da competi\u00e7\u00e3o e a justi\u00e7a da mesma. E para manter o futebol portugu\u00eas como uma das principais refer\u00eancias europeias e mundiais. O comunicado do clube foi claro em todos os passos, foi calmo, mas com a necessidade de lidar com a situa\u00e7\u00e3o com cabe\u00e7a fria e, devo dizer, com coragem para come\u00e7ar a tomar algumas decis\u00f5es, porque a situa\u00e7\u00e3o est\u00e1 a tornar-se insustent\u00e1vel.\u00bb<\/p>\n<p>\u00abNa linha lateral, o quarto \u00e1rbitro, o grupo de \u00e1rbitros no geral, pedem-me calma e ajuda para eles comandarem o jogo, porque honestamente \u00e9 uma pena ver tantas interrup\u00e7\u00f5es, tantos cart\u00f5es nos bancos\u2026 n\u00e3o s\u00f3 nesta liga, \u00e9 em todas. Significa que algo est\u00e1 a ficar fora do controlo e quando eu digo que a situa\u00e7\u00e3o se est\u00e1 a tornar insustent\u00e1vel, o que quero dizer \u00e9 que n\u00e3o \u00e9 poss\u00edvel que seja mais o tempo em que estamos a reclamar, do que o tempo em que a bola rola. E isto \u00e9 a minha opini\u00e3o, da forma como o VAR est\u00e1 a ser usado: a ideia do VAR foi positiva, para ajudar os \u00e1rbitros para corrigir algumas decis\u00f5es erradas ou dif\u00edceis, porque a velocidade do jogo est\u00e1 a crescer e \u00e9 dif\u00edcil ir a todos os detalhes. Neste momento, o sentimento \u00e9 de que o VAR \u00e9 uma ferramenta que julga a atua\u00e7\u00e3o do \u00e1rbitro. De algo que nasceu para ajudar, est\u00e1 a tornar-se algo de que temos medo de que haja uma chamada. Penso que, para ser justo, no futebol em geral, tem de ser avaliado e ir \u00e0 origem: o VAR nasceu para ajudar e n\u00e3o para julgar.\u00bb<\/p>\n<p> Desafio de tirar o tema arbitragem, mesmo dos jogadores: <\/p>\n<p>\u00abNum pa\u00eds como Portugal, que produz talentos incr\u00edveis para a sua liga, mas tamb\u00e9m para Premier League, Serie A, mais uma Sele\u00e7\u00e3o Nacional que vai jogar um Mundial em poucos meses, \u00e9 importante falar da qualidade da liga portuguesa e do jogador portugu\u00eas. O primeiro sinal tem de ser dado pelas pessoas respons\u00e1veis.\u00bb<\/p>\n","protected":false},"excerpt":{"rendered":"O treinador do FC Porto, Francesco Farioli, fez ao in\u00edcio da tarde deste domingo a antevis\u00e3o \u00e0 visita&hellip;\n","protected":false},"author":2,"featured_media":197253,"comment_status":"","ping_status":"","sticky":false,"template":"","format":"standard","meta":{"footnotes":""},"categories":[87],"tags":[3266,12416,135,2095,282,1011,36,46,32,33,47,134],"class_list":{"0":"post-197252","1":"post","2":"type-post","3":"status-publish","4":"format-standard","5":"has-post-thumbnail","7":"category-desporto","8":"tag-arbitragem","9":"tag-arbitros","10":"tag-desporto","11":"tag-farioli","12":"tag-fc-porto","13":"tag-francesco-farioli","14":"tag-liga","15":"tag-maisfutebol","16":"tag-portugal","17":"tag-pt","18":"tag-pura-paixao","19":"tag-sports"},"share_on_mastodon":{"url":"https:\/\/pubeurope.com\/@pt\/115758390526138398","error":""},"_links":{"self":[{"href":"https:\/\/www.europesays.com\/pt\/wp-json\/wp\/v2\/posts\/197252","targetHints":{"allow":["GET"]}}],"collection":[{"href":"https:\/\/www.europesays.com\/pt\/wp-json\/wp\/v2\/posts"}],"about":[{"href":"https:\/\/www.europesays.com\/pt\/wp-json\/wp\/v2\/types\/post"}],"author":[{"embeddable":true,"href":"https:\/\/www.europesays.com\/pt\/wp-json\/wp\/v2\/users\/2"}],"replies":[{"embeddable":true,"href":"https:\/\/www.europesays.com\/pt\/wp-json\/wp\/v2\/comments?post=197252"}],"version-history":[{"count":0,"href":"https:\/\/www.europesays.com\/pt\/wp-json\/wp\/v2\/posts\/197252\/revisions"}],"wp:featuredmedia":[{"embeddable":true,"href":"https:\/\/www.europesays.com\/pt\/wp-json\/wp\/v2\/media\/197253"}],"wp:attachment":[{"href":"https:\/\/www.europesays.com\/pt\/wp-json\/wp\/v2\/media?parent=197252"}],"wp:term":[{"taxonomy":"category","embeddable":true,"href":"https:\/\/www.europesays.com\/pt\/wp-json\/wp\/v2\/categories?post=197252"},{"taxonomy":"post_tag","embeddable":true,"href":"https:\/\/www.europesays.com\/pt\/wp-json\/wp\/v2\/tags?post=197252"}],"curies":[{"name":"wp","href":"https:\/\/api.w.org\/{rel}","templated":true}]}}