{"id":197278,"date":"2025-12-21T16:20:10","date_gmt":"2025-12-21T16:20:10","guid":{"rendered":"https:\/\/www.europesays.com\/pt\/197278\/"},"modified":"2025-12-21T16:20:10","modified_gmt":"2025-12-21T16:20:10","slug":"celebram-a-quadra-com-a-familia-em-braga-mas-com-o-coracao-no-brasil","status":"publish","type":"post","link":"https:\/\/www.europesays.com\/pt\/197278\/","title":{"rendered":"Celebram a quadra com a fam\u00edlia em Braga mas com o cora\u00e7\u00e3o no Brasil"},"content":{"rendered":"<p>L\u00edvia Grizzi, Jos\u00e9 Barbosa Neto e a filha, Clara, chegaram a Braga em agosto do ano passado, vindos de Recife, no Brasil, mas \u00e9 agora que est\u00e3o a deixar-se contagiar de forma mais intensa pelas tradi\u00e7\u00f5es portuguesas e, em especial, pela forma como o Natal \u00e9 celebrado do lado de c\u00e1 do Atl\u00e2ntico. Independentemente do s\u00edtio, por\u00e9m, h\u00e1 algo de que n\u00e3o abdicam: muita gente em redor da mesa para poderem viver na plenitude uma festa que, garantem, lhes diz muito.<\/p>\n","protected":false},"excerpt":{"rendered":"L\u00edvia Grizzi, Jos\u00e9 Barbosa Neto e a filha, Clara, chegaram a Braga em agosto do ano passado, vindos&hellip;\n","protected":false},"author":2,"featured_media":197279,"comment_status":"","ping_status":"","sticky":false,"template":"","format":"standard","meta":{"footnotes":""},"categories":[10],"tags":[726,27,28,22615,15,16,14,25,26,21,22,7561,12,13,19,20,32,23,24,33,17,18,5390,29,30,31],"class_list":{"0":"post-197278","1":"post","2":"type-post","3":"status-publish","4":"format-standard","5":"has-post-thumbnail","7":"category-portugal","8":"tag-brasil","9":"tag-breaking-news","10":"tag-breakingnews","11":"tag-concelho-braga","12":"tag-featured-news","13":"tag-featurednews","14":"tag-headlines","15":"tag-latest-news","16":"tag-latestnews","17":"tag-main-news","18":"tag-mainnews","19":"tag-natal","20":"tag-news","21":"tag-noticias","22":"tag-noticias-principais","23":"tag-noticiasprincipais","24":"tag-portugal","25":"tag-principais-noticias","26":"tag-principaisnoticias","27":"tag-pt","28":"tag-top-stories","29":"tag-topstories","30":"tag-tradicao","31":"tag-ultimas","32":"tag-ultimas-noticias","33":"tag-ultimasnoticias"},"share_on_mastodon":{"url":"https:\/\/pubeurope.com\/@pt\/115758473254581422","error":""},"_links":{"self":[{"href":"https:\/\/www.europesays.com\/pt\/wp-json\/wp\/v2\/posts\/197278","targetHints":{"allow":["GET"]}}],"collection":[{"href":"https:\/\/www.europesays.com\/pt\/wp-json\/wp\/v2\/posts"}],"about":[{"href":"https:\/\/www.europesays.com\/pt\/wp-json\/wp\/v2\/types\/post"}],"author":[{"embeddable":true,"href":"https:\/\/www.europesays.com\/pt\/wp-json\/wp\/v2\/users\/2"}],"replies":[{"embeddable":true,"href":"https:\/\/www.europesays.com\/pt\/wp-json\/wp\/v2\/comments?post=197278"}],"version-history":[{"count":0,"href":"https:\/\/www.europesays.com\/pt\/wp-json\/wp\/v2\/posts\/197278\/revisions"}],"wp:featuredmedia":[{"embeddable":true,"href":"https:\/\/www.europesays.com\/pt\/wp-json\/wp\/v2\/media\/197279"}],"wp:attachment":[{"href":"https:\/\/www.europesays.com\/pt\/wp-json\/wp\/v2\/media?parent=197278"}],"wp:term":[{"taxonomy":"category","embeddable":true,"href":"https:\/\/www.europesays.com\/pt\/wp-json\/wp\/v2\/categories?post=197278"},{"taxonomy":"post_tag","embeddable":true,"href":"https:\/\/www.europesays.com\/pt\/wp-json\/wp\/v2\/tags?post=197278"}],"curies":[{"name":"wp","href":"https:\/\/api.w.org\/{rel}","templated":true}]}}