{"id":197297,"date":"2025-12-21T16:35:22","date_gmt":"2025-12-21T16:35:22","guid":{"rendered":"https:\/\/www.europesays.com\/pt\/197297\/"},"modified":"2025-12-21T16:35:22","modified_gmt":"2025-12-21T16:35:22","slug":"criticas-do-fc-porto-em-felgueiras-nao-percebo-como-a-liga-permite","status":"publish","type":"post","link":"https:\/\/www.europesays.com\/pt\/197297\/","title":{"rendered":"Cr\u00edticas do FC Porto em Felgueiras: \u00abN\u00e3o percebo como a Liga permite&#8230;\u00bb"},"content":{"rendered":"<p>O <a target=\"_blank\" class=\"editor-link autolink-enabled\" href=\"https:\/\/www.abola.pt\/futebol\/fc-porto-b-2942\" data-resource-id=\"2942\" data-resource-type=\"team\" data-sport=\"football\" rel=\"nofollow noopener\">FC Porto B<\/a> perdeu, este domingo, na visita ao <a target=\"_blank\" class=\"editor-link autolink-enabled\" href=\"https:\/\/www.abola.pt\/futebol\/felgueiras-4777\" data-resource-id=\"4777\" data-resource-type=\"team\" data-sport=\"football\" rel=\"nofollow noopener\">Felgueiras<\/a>, por 0-2. No final da partida, Jo\u00e3o Brand\u00e3o, treinador dos azuis e brancos, teceu duras cr\u00edticas ao estado do relvado do Est\u00e1dio Municipal Dr. Machado de Matos, lembrando a les\u00e3o sofrida por Yoan Pereira, lan\u00e7ado aos 81 minutos, em estreia na forma\u00e7\u00e3o secund\u00e1ria dos drag\u00f5es.<\/p>\n<p>\u00abJogo? Neste relvado? N\u00e3o percebo como a <a class=\"autolink-enabled\" data-resource-id=\"13\" data-resource-type=\"competition\" data-sport=\"football\" href=\"https:\/\/www.abola.pt\/futebol\/competicao\/liga-portugal-betclic-13\" rel=\"nofollow noopener\" target=\"_blank\">Liga Portugal<\/a> permite que se jogue neste relvado. Tenho um jovem jogador que se estreou hoje nas Ligas profissionais que pode ter uma les\u00e3o grave por causa do relvado\u00bb, disparou Brand\u00e3o.<\/p>\n<p>O <a class=\"autolink-enabled\" data-resource-id=\"2942\" data-resource-type=\"team\" data-sport=\"football\" href=\"https:\/\/www.abola.pt\/futebol\/fc-porto-b-2942\" rel=\"nofollow noopener\" target=\"_blank\">FC Porto B<\/a>, recorde-se, tinha vencido os dois jogos anteriores na <a class=\"autolink-enabled\" data-resource-id=\"111\" data-resource-type=\"competition\" data-sport=\"football\" href=\"https:\/\/www.abola.pt\/futebol\/competicao\/liga-portugal-2-meu-super-111\" rel=\"nofollow noopener\" target=\"_blank\">Liga 2<\/a>, resultados que permitiram aos portistas escalarem na tabela classificativa. Na pr\u00f3xima jornada, marcada para o primeiro fim de semana de 2026, os drag\u00f5es v\u00e3o defrontar o rival <a class=\"autolink-enabled\" data-resource-id=\"450\" data-resource-type=\"team\" data-sport=\"football\" href=\"https:\/\/www.abola.pt\/futebol\/benfica-450\" rel=\"nofollow noopener\" target=\"_blank\">Benfica<\/a> B.<\/p>\n","protected":false},"excerpt":{"rendered":"O FC Porto B perdeu, este domingo, na visita ao Felgueiras, por 0-2. No final da partida, Jo\u00e3o&hellip;\n","protected":false},"author":2,"featured_media":197298,"comment_status":"","ping_status":"","sticky":false,"template":"","format":"standard","meta":{"footnotes":""},"categories":[8],"tags":[27,28,15,16,14,25,26,21,22,12,13,19,20,32,23,24,33,17,18,29,30,31],"class_list":{"0":"post-197297","1":"post","2":"type-post","3":"status-publish","4":"format-standard","5":"has-post-thumbnail","7":"category-principais-noticias","8":"tag-breaking-news","9":"tag-breakingnews","10":"tag-featured-news","11":"tag-featurednews","12":"tag-headlines","13":"tag-latest-news","14":"tag-latestnews","15":"tag-main-news","16":"tag-mainnews","17":"tag-news","18":"tag-noticias","19":"tag-noticias-principais","20":"tag-noticiasprincipais","21":"tag-portugal","22":"tag-principais-noticias","23":"tag-principaisnoticias","24":"tag-pt","25":"tag-top-stories","26":"tag-topstories","27":"tag-ultimas","28":"tag-ultimas-noticias","29":"tag-ultimasnoticias"},"share_on_mastodon":{"url":"https:\/\/pubeurope.com\/@pt\/115758532481985051","error":""},"_links":{"self":[{"href":"https:\/\/www.europesays.com\/pt\/wp-json\/wp\/v2\/posts\/197297","targetHints":{"allow":["GET"]}}],"collection":[{"href":"https:\/\/www.europesays.com\/pt\/wp-json\/wp\/v2\/posts"}],"about":[{"href":"https:\/\/www.europesays.com\/pt\/wp-json\/wp\/v2\/types\/post"}],"author":[{"embeddable":true,"href":"https:\/\/www.europesays.com\/pt\/wp-json\/wp\/v2\/users\/2"}],"replies":[{"embeddable":true,"href":"https:\/\/www.europesays.com\/pt\/wp-json\/wp\/v2\/comments?post=197297"}],"version-history":[{"count":0,"href":"https:\/\/www.europesays.com\/pt\/wp-json\/wp\/v2\/posts\/197297\/revisions"}],"wp:featuredmedia":[{"embeddable":true,"href":"https:\/\/www.europesays.com\/pt\/wp-json\/wp\/v2\/media\/197298"}],"wp:attachment":[{"href":"https:\/\/www.europesays.com\/pt\/wp-json\/wp\/v2\/media?parent=197297"}],"wp:term":[{"taxonomy":"category","embeddable":true,"href":"https:\/\/www.europesays.com\/pt\/wp-json\/wp\/v2\/categories?post=197297"},{"taxonomy":"post_tag","embeddable":true,"href":"https:\/\/www.europesays.com\/pt\/wp-json\/wp\/v2\/tags?post=197297"}],"curies":[{"name":"wp","href":"https:\/\/api.w.org\/{rel}","templated":true}]}}