{"id":197311,"date":"2025-12-21T16:48:26","date_gmt":"2025-12-21T16:48:26","guid":{"rendered":"https:\/\/www.europesays.com\/pt\/197311\/"},"modified":"2025-12-21T16:48:26","modified_gmt":"2025-12-21T16:48:26","slug":"despiste-e-embate-contra-arvore-mata-condutor-de-39-anos-em-ourique","status":"publish","type":"post","link":"https:\/\/www.europesays.com\/pt\/197311\/","title":{"rendered":"Despiste e embate contra \u00e1rvore mata condutor de 39 anos em Ourique"},"content":{"rendered":"<p data-remotead-prev-elm=\"true\" data-remotead-elm-id=\"inread\">O alerta foi dado \u00e0s 9.20 horas para um acidente na Estrada Nacional 123 (EN123), pr\u00f3ximo da localidade de Garv\u00e3o, no concelho de Ourique. O ve\u00edculo entrou em despiste e embateu numa \u00e1rvore, ficando imobilizado fora da via, quando seguia para Colos, localidade onde o condutor residia.<\/p>\n<p>O \u00f3bito foi confirmado no local pelo m\u00e9dico da VMER, tendo o corpo sido transportado para o Gabinete M\u00e9dico-Legal de Beja.<\/p>\n<p>No socorro \u00e0 v\u00edtima estiveram envolvidos 17 operacionais dos Bombeiros Volunt\u00e1rios de Ourique, ambul\u00e2ncia de Suporte Imediato de Vida (SIV) de Castro Verde, Viatura M\u00e9dica de Emerg\u00eancia e Reanima\u00e7\u00e3o (VMER) de Beja e GNR apoiados por seis viaturas.<\/p>\n<p>Despiste de viatura da GNR<\/p>\n<p data-remotead-prev-elm=\"true\" data-remotead-elm-id=\"centro1\">Tamb\u00e9m esta manh\u00e3, aconteceu um outro despiste no distrito de Beja, envolvendo uma viatura da GNR, na Estrada Nacional 2 (EN2), no concelho de Aljustrel, que provocou ferimentos ligeiros em dois militares da Guarda, tendo um outro sido assistido no local.<\/p>\n<p>O alerta para este despiste, verificado ao quil\u00f3metro 614 da EN2, foi dado \u00e0s autoridades \u00e0s 9.50 horas, acrescentou o Comando Sub-Regional de Emerg\u00eancia e Prote\u00e7\u00e3o Civil do Baixo Alentejo.<\/p>\n<p>Os militares da GNR que sofreram ferimentos ligeiros foram transportados para o hospital de Beja.<\/p>\n<p>Para o local do sinistro foram mobilizados 11 operacionais, auxiliados por cinco ve\u00edculos, entre bombeiros e GNR.<\/p>\n","protected":false},"excerpt":{"rendered":"O alerta foi dado \u00e0s 9.20 horas para um acidente na Estrada Nacional 123 (EN123), pr\u00f3ximo da localidade&hellip;\n","protected":false},"author":2,"featured_media":197312,"comment_status":"","ping_status":"","sticky":false,"template":"","format":"standard","meta":{"footnotes":""},"categories":[10],"tags":[59,27,28,39449,55,15,16,14,25,26,21,22,12,13,19,20,32,23,24,33,17,18,29,30,31],"class_list":{"0":"post-197311","1":"post","2":"type-post","3":"status-publish","4":"format-standard","5":"has-post-thumbnail","7":"category-portugal","8":"tag-acidente","9":"tag-breaking-news","10":"tag-breakingnews","11":"tag-concelho-ourique","12":"tag-despiste","13":"tag-featured-news","14":"tag-featurednews","15":"tag-headlines","16":"tag-latest-news","17":"tag-latestnews","18":"tag-main-news","19":"tag-mainnews","20":"tag-news","21":"tag-noticias","22":"tag-noticias-principais","23":"tag-noticiasprincipais","24":"tag-portugal","25":"tag-principais-noticias","26":"tag-principaisnoticias","27":"tag-pt","28":"tag-top-stories","29":"tag-topstories","30":"tag-ultimas","31":"tag-ultimas-noticias","32":"tag-ultimasnoticias"},"share_on_mastodon":{"url":"https:\/\/pubeurope.com\/@pt\/115758583444640279","error":""},"_links":{"self":[{"href":"https:\/\/www.europesays.com\/pt\/wp-json\/wp\/v2\/posts\/197311","targetHints":{"allow":["GET"]}}],"collection":[{"href":"https:\/\/www.europesays.com\/pt\/wp-json\/wp\/v2\/posts"}],"about":[{"href":"https:\/\/www.europesays.com\/pt\/wp-json\/wp\/v2\/types\/post"}],"author":[{"embeddable":true,"href":"https:\/\/www.europesays.com\/pt\/wp-json\/wp\/v2\/users\/2"}],"replies":[{"embeddable":true,"href":"https:\/\/www.europesays.com\/pt\/wp-json\/wp\/v2\/comments?post=197311"}],"version-history":[{"count":0,"href":"https:\/\/www.europesays.com\/pt\/wp-json\/wp\/v2\/posts\/197311\/revisions"}],"wp:featuredmedia":[{"embeddable":true,"href":"https:\/\/www.europesays.com\/pt\/wp-json\/wp\/v2\/media\/197312"}],"wp:attachment":[{"href":"https:\/\/www.europesays.com\/pt\/wp-json\/wp\/v2\/media?parent=197311"}],"wp:term":[{"taxonomy":"category","embeddable":true,"href":"https:\/\/www.europesays.com\/pt\/wp-json\/wp\/v2\/categories?post=197311"},{"taxonomy":"post_tag","embeddable":true,"href":"https:\/\/www.europesays.com\/pt\/wp-json\/wp\/v2\/tags?post=197311"}],"curies":[{"name":"wp","href":"https:\/\/api.w.org\/{rel}","templated":true}]}}