{"id":197338,"date":"2025-12-21T17:13:14","date_gmt":"2025-12-21T17:13:14","guid":{"rendered":"https:\/\/www.europesays.com\/pt\/197338\/"},"modified":"2025-12-21T17:13:14","modified_gmt":"2025-12-21T17:13:14","slug":"doutor-destino-2o-trailer-ja-chegou-aos-cinemas","status":"publish","type":"post","link":"https:\/\/www.europesays.com\/pt\/197338\/","title":{"rendered":"Doutor Destino \u2013 2\u00ba trailer j\u00e1 chegou aos cinemas"},"content":{"rendered":"<p>Para a alegria dos f\u00e3s, <a href=\"https:\/\/legadodamarvel.com.br\/filme\/vingadores-doutor-destino\/\" rel=\"nofollow noopener\" target=\"_blank\">Vingadores: Doutor Destino<\/a> n\u00e3o ganhou apenas 1 trailer este m\u00eas. A Marvel decidiu ir com tudo e lan\u00e7ar\u00e1, na verdade, 4 trailers diferentes.<\/p>\n<p>Sim, aproveitando o lan\u00e7amento de Avatar: Fogo e Cinzas, a Marvel Studios lan\u00e7ar\u00e1 4 trailers diferentes do seu aguardado filme, exclusivamente nos cinemas.<\/p>\n<p>Ou seja, se voc\u00ea for conferir Avatar nesta primeira semana de estreia, voc\u00ea ir\u00e1 assistir a um trailer. Se for assistir na segunda semana, j\u00e1 ir\u00e1 se deparar com um novo trailer. E assim por diante.<\/p>\n<p>Vingadores: Doutor Destino j\u00e1 est\u00e1 com novo trailer nos cinemas!<\/p>\n<p>Pra come\u00e7ar l\u00e1 em cima, o primeiro trailer do filme foi focado no Steve Rogers, confirmando o retorno do ator <a href=\"https:\/\/legadodamarvel.com.br\/tag\/chris-evans\" rel=\"nofollow noopener\" target=\"_blank\">Chris Evans<\/a> ao seu mais importante papel.<\/p>\n<p>Apesar do trailer ser exclusivo dos cinemas, a pr\u00e9via j\u00e1 pode ser encontrada na internet atrav\u00e9s de diversos vazamentos. E o mesmo est\u00e1 prestes a acontecer com o 2\u00ba trailer.<\/p>\n<p>O <a href=\"https:\/\/x.com\/Cryptic4KQual\/status\/2002384149668061546\" rel=\"nofollow\">Cryptic<\/a> afirmou que a nova pr\u00e9via de Vingadores: Doutor Destino j\u00e1 chegou aos cinemas, com este sendo um trailer focado no retorno do Thor.<\/p>\n<p>A fonte explicou que a c\u00f3pia do trailer est\u00e1 chegando lacrada aos cinemas, que devem come\u00e7ar a exibir a partir de quarta-feira. Ou seja, j\u00e1 j\u00e1 teremos vazamentos do novo trailer.<\/p>\n<p>Quais ser\u00e3o os pr\u00f3ximos trailers?<\/p>\n<p>Al\u00e9m disso, a Marvel j\u00e1 tem engatilhado um 3\u00ba e um 4\u00ba trailer para Vingadores: Doutor Destino. Apesar de ainda n\u00e3o haver confirma\u00e7\u00e3o, j\u00e1 h\u00e1 rumores sobre quais personagens ser\u00e3o o foco das pr\u00f3ximas pr\u00e9vias.<\/p>\n<p>Segundo informa\u00e7\u00f5es, o 3\u00ba trailer deve focar no retorno do Loki (<a href=\"https:\/\/legadodamarvel.com.br\/personalidade\/tom-hiddleston\" rel=\"nofollow noopener\" target=\"_blank\">Tom Hiddleston<\/a>), enquanto o 4\u00ba deve enfim apresentar o vil\u00e3o Doutor Doutor Destino (<a href=\"https:\/\/legadodamarvel.com.br\/tag\/robert-downey-jr\" rel=\"nofollow noopener\" target=\"_blank\">Robert Downey Jr.<\/a>).<\/p>\n<p><strong>LEIA TAMB\u00c9M:<\/strong><\/p>\n<p>O que acharam? Deixe sua opini\u00e3o nos coment\u00e1rios e, por fim, continue acompanhando o\u00a0<strong>Legado da Marvel\u00a0<\/strong>para n\u00e3o perder nenhuma novidade!<\/p>\n","protected":false},"excerpt":{"rendered":"Para a alegria dos f\u00e3s, Vingadores: Doutor Destino n\u00e3o ganhou apenas 1 trailer este m\u00eas. A Marvel decidiu&hellip;\n","protected":false},"author":2,"featured_media":197339,"comment_status":"","ping_status":"","sticky":false,"template":"","format":"standard","meta":{"footnotes":""},"categories":[140],"tags":[114,115,147,148,146,32,33,38893],"class_list":{"0":"post-197338","1":"post","2":"type-post","3":"status-publish","4":"format-standard","5":"has-post-thumbnail","7":"category-filmes","8":"tag-entertainment","9":"tag-entretenimento","10":"tag-film","11":"tag-filmes","12":"tag-movies","13":"tag-portugal","14":"tag-pt","15":"tag-vingadores-doutor-destino"},"share_on_mastodon":{"url":"https:\/\/pubeurope.com\/@pt\/115758681729813025","error":""},"_links":{"self":[{"href":"https:\/\/www.europesays.com\/pt\/wp-json\/wp\/v2\/posts\/197338","targetHints":{"allow":["GET"]}}],"collection":[{"href":"https:\/\/www.europesays.com\/pt\/wp-json\/wp\/v2\/posts"}],"about":[{"href":"https:\/\/www.europesays.com\/pt\/wp-json\/wp\/v2\/types\/post"}],"author":[{"embeddable":true,"href":"https:\/\/www.europesays.com\/pt\/wp-json\/wp\/v2\/users\/2"}],"replies":[{"embeddable":true,"href":"https:\/\/www.europesays.com\/pt\/wp-json\/wp\/v2\/comments?post=197338"}],"version-history":[{"count":0,"href":"https:\/\/www.europesays.com\/pt\/wp-json\/wp\/v2\/posts\/197338\/revisions"}],"wp:featuredmedia":[{"embeddable":true,"href":"https:\/\/www.europesays.com\/pt\/wp-json\/wp\/v2\/media\/197339"}],"wp:attachment":[{"href":"https:\/\/www.europesays.com\/pt\/wp-json\/wp\/v2\/media?parent=197338"}],"wp:term":[{"taxonomy":"category","embeddable":true,"href":"https:\/\/www.europesays.com\/pt\/wp-json\/wp\/v2\/categories?post=197338"},{"taxonomy":"post_tag","embeddable":true,"href":"https:\/\/www.europesays.com\/pt\/wp-json\/wp\/v2\/tags?post=197338"}],"curies":[{"name":"wp","href":"https:\/\/api.w.org\/{rel}","templated":true}]}}